{"id":408752,"date":"2024-07-31T08:03:01","date_gmt":"2024-07-31T06:03:01","guid":{"rendered":"https:\/\/www.pcnen.com\/portal\/?p=408752"},"modified":"2024-07-31T08:03:14","modified_gmt":"2024-07-31T06:03:14","slug":"u-teheranu-ubijen-lider-palestinskog-hamasa","status":"publish","type":"post","link":"https:\/\/www.pcnen.com\/portal\/2024\/07\/31\/u-teheranu-ubijen-lider-palestinskog-hamasa\/","title":{"rendered":"U Teheranu ubijen lider palestinskog Hamasa"},"content":{"rendered":"<p>Politi\u010dki lider Hamasa Ismail Hanije ubijen je u napadu koji se dogodio u Teheranu, javila je iranska dr\u017eavna televizija a prenosi turska agencija Anadolija.<\/p>\n<p>Pozivaju\u0107i se na izjave iz Revolucionarne garde, iranska dr\u017eavna televizija javlja da je Hanije ubijen u teroristi\u010dkom napadu na rezidenciju u kojoj je boravio u glavnom gradu Irana.<\/p>\n<p>Isti izvor javlja da je u napadu ubijen i Hanijev tjelohranitelj.<\/p>\n<p>&nbsp;<\/p>\n","protected":false},"excerpt":{"rendered":"<p>Politi\u010dki lider Hamasa Ismail Hanije ubijen je u napadu koji se dogodio u Teheranu, javila je iranska dr\u017eavna televizija a prenosi turska agencija Anadolija<\/p>\n","protected":false},"author":1,"featured_media":398716,"comment_status":"open","ping_status":"closed","sticky":false,"template":"","format":"standard","meta":{"_seopress_robots_primary_cat":"none","_seopress_titles_title":"","_seopress_titles_desc":"","_seopress_robots_index":"","_et_pb_use_builder":"","_et_pb_old_content":"","_et_gb_content_width":"","inline_featured_image":false,"footnotes":""},"categories":[14],"tags":[],"class_list":["post-408752","post","type-post","status-publish","format-standard","has-post-thumbnail","hentry","category-vijesti"],"_links":{"self":[{"href":"https:\/\/www.pcnen.com\/portal\/wp-json\/wp\/v2\/posts\/408752","targetHints":{"allow":["GET"]}}],"collection":[{"href":"https:\/\/www.pcnen.com\/portal\/wp-json\/wp\/v2\/posts"}],"about":[{"href":"https:\/\/www.pcnen.com\/portal\/wp-json\/wp\/v2\/types\/post"}],"author":[{"embeddable":true,"href":"https:\/\/www.pcnen.com\/portal\/wp-json\/wp\/v2\/users\/1"}],"replies":[{"embeddable":true,"href":"https:\/\/www.pcnen.com\/portal\/wp-json\/wp\/v2\/comments?post=408752"}],"version-history":[{"count":2,"href":"https:\/\/www.pcnen.com\/portal\/wp-json\/wp\/v2\/posts\/408752\/revisions"}],"predecessor-version":[{"id":408756,"href":"https:\/\/www.pcnen.com\/portal\/wp-json\/wp\/v2\/posts\/408752\/revisions\/408756"}],"wp:featuredmedia":[{"embeddable":true,"href":"https:\/\/www.pcnen.com\/portal\/wp-json\/wp\/v2\/media\/398716"}],"wp:attachment":[{"href":"https:\/\/www.pcnen.com\/portal\/wp-json\/wp\/v2\/media?parent=408752"}],"wp:term":[{"taxonomy":"category","embeddable":true,"href":"https:\/\/www.pcnen.com\/portal\/wp-json\/wp\/v2\/categories?post=408752"},{"taxonomy":"post_tag","embeddable":true,"href":"https:\/\/www.pcnen.com\/portal\/wp-json\/wp\/v2\/tags?post=408752"}],"curies":[{"name":"wp","href":"https:\/\/api.w.org\/{rel}","templated":true}]}}