{"id":408713,"date":"2024-07-30T16:28:49","date_gmt":"2024-07-30T14:28:49","guid":{"rendered":"https:\/\/www.pcnen.com\/portal\/?p=408713"},"modified":"2024-07-30T16:29:12","modified_gmt":"2024-07-30T14:29:12","slug":"spajic-necemo-moci-naknadno-da-zakazazemo-premijerski-sat","status":"publish","type":"post","link":"https:\/\/www.pcnen.com\/portal\/2024\/07\/30\/spajic-necemo-moci-naknadno-da-zakazazemo-premijerski-sat\/","title":{"rendered":"Spaji\u0107: Ne\u0107emo mo\u0107i naknadno da zakaza\u017eemo premijerski sat"},"content":{"rendered":"<p>Premijer Milojko Spaji\u0107 rekao je danas novinarima u parlamentu da je opozicija imala plan i da je htjela da opstruira odr\u017eavanje premijerskog sata.<\/p>\n<p>On je novinarima u parlamentu rekao da \u0107e odgovori na poslani\u010dka pitanja biti objavljeni na internetu, \u0161to je i u\u010dinjeno<\/p>\n<p>&#8220;Ja sam poku\u0161avao, ja sam iza\u0161ao iz sale u jednom trenutku, ali je opozicija nastavljala provocira, i da govori o nekim &#8220;\u010dinjenicama&#8221;, da govori o stvarima koje nijesu ta\u010dne&#8221;, rekao je Spaji\u0107 nakon sjednice Odbora za ekonomiju, na kojoj je odr\u017eano vi\u0161esatno kontrolno saslu\u0161anje o ekonomskoj politci.<\/p>\n<p>Obzirom na dugo trajanje te sjednice, premijerski sat je odgo\u0111en, \u0161to je poslanicima saop\u0161tio predsjednik parlamenta Andrija Mandi\u0107.<\/p>\n<p>Premijer je rekao da su bili prinu\u0111eni da se vrate u taj odbor.<\/p>\n<p>&#8220;Dogovorili smo se da se zavr\u0161i taj odbor, i ja sam poku\u0161ao da iza\u0111em sa tog odbora i da odem na premijerski sat, da odgovaram na pitanja poslanika u plenumu. Me\u0111utim, opozicija je o\u010dito imala drugi plan. Oni su jednostavno opstruirali zavr\u0161etak odbora, i ja rauzumijem potez gospodina Mandi\u0107a i stvarno mi je \u017eao \u0161to se do desilo. Imali smo puno dobrih pitanja, i spremili smo odgovore. Tako da gra\u0111ani ne\u0107e biti uskra\u0107eni, jer mi \u0107emo objaviti sve te odgovore onlajn, tako da ne\u0107e biti potrebe da se \u0161iri, ovaj, ka\u017eem, na\u017ealost, cirkus. Opozicija \u017eeli da se ovo pretvori u cirkus&#8221;, rekao je Spaji\u0107.<\/p>\n<p>On je rekao da nema ni\u0161ta protiv da privatne televizije prenose \u0161ta misle da je potrebno, ali da je na odboru dogovoreno da se sjednica zavr\u0161i, prenosi RTCG.<\/p>\n<p>&#8220;Ja sam \u010dak iza\u0161ao, ali je opozicija i dalje insistirala, postavljala pitanja, pravila insinuacije koje nijesu bile ta\u010dne, i bili smo prinu\u0111eni da se vratimo. Oni su nastavili odbor. Bili smo prinu\u0111eni da odgovorimo na neka pitanja koja su postavljena. Razumijem potpuno potez Mandi\u0107a, da otka\u017ee premijerski sat, objavi\u0107emo odgovore na postavljena pitanja&#8221;, kazao je premijer.<\/p>\n<blockquote class=\"wp-embedded-content\" data-secret=\"nrgwCTb73I\"><p><a href=\"https:\/\/www.pcnen.com\/portal\/2024\/07\/30\/mandic-samovoljno-otkazao-sjednicu-skupstine-posvecenu-premijerskom-satu\/\">Mandi\u0107 samovoljno otkazao sjednicu Skup\u0161tine posve\u0107enu premijerskom satu<\/a><\/p><\/blockquote>\n<p><iframe loading=\"lazy\" class=\"wp-embedded-content\" sandbox=\"allow-scripts\" security=\"restricted\" style=\"position: absolute; visibility: hidden;\" title=\"&#8220;Mandi\u0107 samovoljno otkazao sjednicu Skup\u0161tine posve\u0107enu premijerskom satu&#8221; &#8212; PCNEN\" src=\"https:\/\/www.pcnen.com\/portal\/2024\/07\/30\/mandic-samovoljno-otkazao-sjednicu-skupstine-posvecenu-premijerskom-satu\/embed\/#?secret=jYYQ3FXdBx#?secret=nrgwCTb73I\" data-secret=\"nrgwCTb73I\" width=\"600\" height=\"338\" frameborder=\"0\" marginwidth=\"0\" marginheight=\"0\" scrolling=\"no\"><\/iframe><\/p>\n","protected":false},"excerpt":{"rendered":"<p>Premijer Milojko Spaji\u0107 rekao je danas novinarima u parlamentu da je opozicija imala plan i da je htjela da opstruira odr\u017eavanje premijerskog sata.<\/p>\n","protected":false},"author":1,"featured_media":383674,"comment_status":"open","ping_status":"closed","sticky":false,"template":"","format":"standard","meta":{"_seopress_robots_primary_cat":"none","_seopress_titles_title":"","_seopress_titles_desc":"","_seopress_robots_index":"","_et_pb_use_builder":"","_et_pb_old_content":"","_et_gb_content_width":"","inline_featured_image":false,"footnotes":""},"categories":[14],"tags":[],"class_list":["post-408713","post","type-post","status-publish","format-standard","has-post-thumbnail","hentry","category-vijesti"],"_links":{"self":[{"href":"https:\/\/www.pcnen.com\/portal\/wp-json\/wp\/v2\/posts\/408713","targetHints":{"allow":["GET"]}}],"collection":[{"href":"https:\/\/www.pcnen.com\/portal\/wp-json\/wp\/v2\/posts"}],"about":[{"href":"https:\/\/www.pcnen.com\/portal\/wp-json\/wp\/v2\/types\/post"}],"author":[{"embeddable":true,"href":"https:\/\/www.pcnen.com\/portal\/wp-json\/wp\/v2\/users\/1"}],"replies":[{"embeddable":true,"href":"https:\/\/www.pcnen.com\/portal\/wp-json\/wp\/v2\/comments?post=408713"}],"version-history":[{"count":2,"href":"https:\/\/www.pcnen.com\/portal\/wp-json\/wp\/v2\/posts\/408713\/revisions"}],"predecessor-version":[{"id":408717,"href":"https:\/\/www.pcnen.com\/portal\/wp-json\/wp\/v2\/posts\/408713\/revisions\/408717"}],"wp:featuredmedia":[{"embeddable":true,"href":"https:\/\/www.pcnen.com\/portal\/wp-json\/wp\/v2\/media\/383674"}],"wp:attachment":[{"href":"https:\/\/www.pcnen.com\/portal\/wp-json\/wp\/v2\/media?parent=408713"}],"wp:term":[{"taxonomy":"category","embeddable":true,"href":"https:\/\/www.pcnen.com\/portal\/wp-json\/wp\/v2\/categories?post=408713"},{"taxonomy":"post_tag","embeddable":true,"href":"https:\/\/www.pcnen.com\/portal\/wp-json\/wp\/v2\/tags?post=408713"}],"curies":[{"name":"wp","href":"https:\/\/api.w.org\/{rel}","templated":true}]}}