{"id":408708,"date":"2024-07-30T16:05:16","date_gmt":"2024-07-30T14:05:16","guid":{"rendered":"https:\/\/www.pcnen.com\/portal\/?p=408708"},"modified":"2024-07-30T16:06:01","modified_gmt":"2024-07-30T14:06:01","slug":"mandic-samovoljno-otkazao-sjednicu-skupstine-posvecenu-premijerskom-satu","status":"publish","type":"post","link":"https:\/\/www.pcnen.com\/portal\/2024\/07\/30\/mandic-samovoljno-otkazao-sjednicu-skupstine-posvecenu-premijerskom-satu\/","title":{"rendered":"Mandi\u0107 samovoljno otkazao sjednicu Skup\u0161tine posve\u0107enu premijerskom satu"},"content":{"rendered":"<p>Predsjednik Skup\u0161tine Crne Gore Andrija Mandi\u0107 je otkazao dana\u0161nju sjednicu parlamenta koja je namijenjena premijerskom satu, obrazla\u017eu\u0107i to \u010dinjenicom da je sjednica Odbora za ekonomiju, finansije i bud\u017eet, koja je na dnevnom redu imala kontrolno saslu\u0161anje premijera Milojka Spaji\u0107a, trajala mimo dogovorenog vremena, tako da je po\u010detak sjednice parlamenta kasnio.<\/p>\n<p>Sjednica Odbora je <a href=\"https:\/\/www.pcnen.com\/portal\/2024\/07\/30\/sjednica-odbora-za-ekonomiju-finansije-i-budzet-uzivo-5\/\" target=\"_blank\" rel=\"noopener\">upravo okon\u010dana.<\/a><\/p>\n<p>&#8220;Danas je centralna tema trebalo da bude premijerski sat. Kako se to ne de\u0161ava, ja \u0107u da konstatujem da danas ne\u0107emo imati pemijerski sat jer su ljudi na Odboru sebi dali za pravo vi\u0161e nego \u0161to im pripada. Moramo da za\u0161titimo ugled Parlamenta jer ne\u0107emo pristati da nas poni\u017eava bilo koji Odbor&#8221;, rekao je Mandi\u0107.<\/p>\n<p>Mandi\u0107 je produ\u017eavanje sjednice Odbora nazvao velikim skandalom.<\/p>\n<p>Opozicioni poslanici su osudili ovakvo pona\u0161anje predsjednika Skup\u0161tine.<\/p>\n<blockquote class=\"wp-embedded-content\" data-secret=\"seV8B9hBrQ\"><p><a href=\"https:\/\/www.pcnen.com\/portal\/2024\/07\/30\/premijerski-sat-i-poslanicka-pitanja-uzivo-3\/\">Premijerski sat i poslani\u010dka pitanja (u\u017eivo)<\/a><\/p><\/blockquote>\n<p><iframe loading=\"lazy\" class=\"wp-embedded-content\" sandbox=\"allow-scripts\" security=\"restricted\" style=\"position: absolute; visibility: hidden;\" title=\"&#8220;Premijerski sat i poslani\u010dka pitanja (u\u017eivo)&#8221; &#8212; PCNEN\" src=\"https:\/\/www.pcnen.com\/portal\/2024\/07\/30\/premijerski-sat-i-poslanicka-pitanja-uzivo-3\/embed\/#?secret=0w4E1cxoJf#?secret=seV8B9hBrQ\" data-secret=\"seV8B9hBrQ\" width=\"600\" height=\"338\" frameborder=\"0\" marginwidth=\"0\" marginheight=\"0\" scrolling=\"no\"><\/iframe><\/p>\n","protected":false},"excerpt":{"rendered":"<p>Predsjednik Skup\u0161tine Crne Gore Andrija Mandi\u0107 je otkazao dana\u0161nju sjednicu parlamenta koja je namijenjena premijerskom satu, obrazla\u017eu\u0107i to \u010dinjenicom da je sjednica Odbora za ekonomiju, finansije i bud\u017eet, koja je na dnevnom redu imala kontrolno saslu\u0161anje premijera Milojka Spaji\u0107a, trajala mimo dogovorenog vremena, tako da je po\u010detak sjednice parlamenta kasnio<\/p>\n","protected":false},"author":1,"featured_media":401628,"comment_status":"open","ping_status":"closed","sticky":false,"template":"","format":"standard","meta":{"_seopress_robots_primary_cat":"none","_seopress_titles_title":"","_seopress_titles_desc":"","_seopress_robots_index":"","_et_pb_use_builder":"","_et_pb_old_content":"","_et_gb_content_width":"","inline_featured_image":false,"footnotes":""},"categories":[14],"tags":[],"class_list":["post-408708","post","type-post","status-publish","format-standard","has-post-thumbnail","hentry","category-vijesti"],"_links":{"self":[{"href":"https:\/\/www.pcnen.com\/portal\/wp-json\/wp\/v2\/posts\/408708","targetHints":{"allow":["GET"]}}],"collection":[{"href":"https:\/\/www.pcnen.com\/portal\/wp-json\/wp\/v2\/posts"}],"about":[{"href":"https:\/\/www.pcnen.com\/portal\/wp-json\/wp\/v2\/types\/post"}],"author":[{"embeddable":true,"href":"https:\/\/www.pcnen.com\/portal\/wp-json\/wp\/v2\/users\/1"}],"replies":[{"embeddable":true,"href":"https:\/\/www.pcnen.com\/portal\/wp-json\/wp\/v2\/comments?post=408708"}],"version-history":[{"count":2,"href":"https:\/\/www.pcnen.com\/portal\/wp-json\/wp\/v2\/posts\/408708\/revisions"}],"predecessor-version":[{"id":408712,"href":"https:\/\/www.pcnen.com\/portal\/wp-json\/wp\/v2\/posts\/408708\/revisions\/408712"}],"wp:featuredmedia":[{"embeddable":true,"href":"https:\/\/www.pcnen.com\/portal\/wp-json\/wp\/v2\/media\/401628"}],"wp:attachment":[{"href":"https:\/\/www.pcnen.com\/portal\/wp-json\/wp\/v2\/media?parent=408708"}],"wp:term":[{"taxonomy":"category","embeddable":true,"href":"https:\/\/www.pcnen.com\/portal\/wp-json\/wp\/v2\/categories?post=408708"},{"taxonomy":"post_tag","embeddable":true,"href":"https:\/\/www.pcnen.com\/portal\/wp-json\/wp\/v2\/tags?post=408708"}],"curies":[{"name":"wp","href":"https:\/\/api.w.org\/{rel}","templated":true}]}}