{"id":408700,"date":"2024-07-30T13:38:47","date_gmt":"2024-07-30T11:38:47","guid":{"rendered":"https:\/\/www.pcnen.com\/portal\/?p=408700"},"modified":"2024-07-30T13:38:47","modified_gmt":"2024-07-30T11:38:47","slug":"pavicevic-pusten-da-se-brane-sa-slobode","status":"publish","type":"post","link":"https:\/\/www.pcnen.com\/portal\/2024\/07\/30\/pavicevic-pusten-da-se-brane-sa-slobode\/","title":{"rendered":"Pavi\u0107evi\u0107 pu\u0161ten da se brane sa slobode"},"content":{"rendered":"<p>Nakon trosatnog salu\u0161anja u Specijalnom dr\u017eavnom tu\u017eila\u0161tvu (SDT), barski biznismen \u00d0or\u0111ije Pavi\u0107evi\u0107 pu\u0161ten je da se u daljem postupku brani sa slobode.<\/p>\n<p>Ranije danas, nakon saslu\u0161anja u SDT-u, pu\u0161teni su i ju\u010de uhap\u0161eni carinski slu\u017ebenici Ivana Kova\u010devi\u0107 i Veljko \u0110uri\u010di\u0107, te Baranin Nikica Kova\u010devi\u0107.<\/p>\n<blockquote class=\"wp-embedded-content\" data-secret=\"Gs63cIuCqK\"><p><a href=\"https:\/\/www.pcnen.com\/portal\/2023\/12\/28\/djordjije-pavicevic-i-jos-tri-osobe-uhapseni-zbog-sumnje-da-su-krijumcarili-cigarete\/\">\u0110or\u0111ije Pavi\u0107evi\u0107 i jo\u0161 tri osobe uhap\u0161eni zbog sumnje da su krijum\u010darili cigarete<\/a><\/p><\/blockquote>\n<p><iframe loading=\"lazy\" class=\"wp-embedded-content\" sandbox=\"allow-scripts\" security=\"restricted\" style=\"position: absolute; visibility: hidden;\" title=\"&#8220;\u0110or\u0111ije Pavi\u0107evi\u0107 i jo\u0161 tri osobe uhap\u0161eni zbog sumnje da su krijum\u010darili cigarete&#8221; &#8212; PCNEN\" src=\"https:\/\/www.pcnen.com\/portal\/2023\/12\/28\/djordjije-pavicevic-i-jos-tri-osobe-uhapseni-zbog-sumnje-da-su-krijumcarili-cigarete\/embed\/#?secret=j9zcyMrdIR#?secret=Gs63cIuCqK\" data-secret=\"Gs63cIuCqK\" width=\"600\" height=\"338\" frameborder=\"0\" marginwidth=\"0\" marginheight=\"0\" scrolling=\"no\"><\/iframe><\/p>\n","protected":false},"excerpt":{"rendered":"<p>Nakon trosatnog salu\u0161anja u Specijalnom dr\u017eavnom tu\u017eila\u0161tvu (SDT), barski biznismen \u00d0or\u0111ije Pavi\u0107evi\u0107 pu\u0161ten je da se u daljem postupku brani sa slobode.<\/p>\n","protected":false},"author":1,"featured_media":389639,"comment_status":"open","ping_status":"closed","sticky":false,"template":"","format":"standard","meta":{"_seopress_robots_primary_cat":"none","_seopress_titles_title":"","_seopress_titles_desc":"","_seopress_robots_index":"","_et_pb_use_builder":"","_et_pb_old_content":"","_et_gb_content_width":"","inline_featured_image":false,"footnotes":""},"categories":[14],"tags":[],"class_list":["post-408700","post","type-post","status-publish","format-standard","has-post-thumbnail","hentry","category-vijesti"],"_links":{"self":[{"href":"https:\/\/www.pcnen.com\/portal\/wp-json\/wp\/v2\/posts\/408700","targetHints":{"allow":["GET"]}}],"collection":[{"href":"https:\/\/www.pcnen.com\/portal\/wp-json\/wp\/v2\/posts"}],"about":[{"href":"https:\/\/www.pcnen.com\/portal\/wp-json\/wp\/v2\/types\/post"}],"author":[{"embeddable":true,"href":"https:\/\/www.pcnen.com\/portal\/wp-json\/wp\/v2\/users\/1"}],"replies":[{"embeddable":true,"href":"https:\/\/www.pcnen.com\/portal\/wp-json\/wp\/v2\/comments?post=408700"}],"version-history":[{"count":1,"href":"https:\/\/www.pcnen.com\/portal\/wp-json\/wp\/v2\/posts\/408700\/revisions"}],"predecessor-version":[{"id":408703,"href":"https:\/\/www.pcnen.com\/portal\/wp-json\/wp\/v2\/posts\/408700\/revisions\/408703"}],"wp:featuredmedia":[{"embeddable":true,"href":"https:\/\/www.pcnen.com\/portal\/wp-json\/wp\/v2\/media\/389639"}],"wp:attachment":[{"href":"https:\/\/www.pcnen.com\/portal\/wp-json\/wp\/v2\/media?parent=408700"}],"wp:term":[{"taxonomy":"category","embeddable":true,"href":"https:\/\/www.pcnen.com\/portal\/wp-json\/wp\/v2\/categories?post=408700"},{"taxonomy":"post_tag","embeddable":true,"href":"https:\/\/www.pcnen.com\/portal\/wp-json\/wp\/v2\/tags?post=408700"}],"curies":[{"name":"wp","href":"https:\/\/api.w.org\/{rel}","templated":true}]}}