{"id":408693,"date":"2024-07-30T13:33:12","date_gmt":"2024-07-30T11:33:12","guid":{"rendered":"https:\/\/www.pcnen.com\/portal\/?p=408693"},"modified":"2024-07-30T13:33:38","modified_gmt":"2024-07-30T11:33:38","slug":"novinari-i-urednici-gradske-rtv-snimani-i-prisluskivani","status":"publish","type":"post","link":"https:\/\/www.pcnen.com\/portal\/2024\/07\/30\/novinari-i-urednici-gradske-rtv-snimani-i-prisluskivani\/","title":{"rendered":"Novinari i urednici Gradske RTV snimani i prislu\u0161kivani"},"content":{"rendered":"<p>Izvr\u0161ni direktor RTV Podgorica Vladimir Ota\u0161evi\u0107 jutros je Vrhovnom dr\u017eavom tu\u017eila\u0161tvu i Agenciji za za\u0161titu li\u010dnih podataka i slobodan pristup informacija podnio prijavu zbog sumnje u mogu\u0107e postojanje krivi\u010dnih djela i kr\u0161enje Zakona o za\u0161titi podataka o li\u010dnosti.<\/p>\n<p>Naime, ustanovljeno je da u prostorijama RTV Podgorica instaliran funkcionalan video nadzor, koji posjeduje i mogu\u0107nost audio snimanja,<a href=\"https:\/\/gradski.me\/novinari-i-urednici-gradske-rtv-snimani-i-prisluskivani-otasevic-trazi-reakciju-tuzilastva-i-agencije\/\"> pi\u0161e na sajtu gradski.me.<\/a><\/p>\n<p>Ota\u0161evi\u0107 je za Gradski portal kazao da je navedeno veoma problemati\u010dno iz razloga \u0161to ovo zna\u010di da se moglo u produ\u017eenom vremenskom periodu pristupati osim video i audio snimcima.<\/p>\n<p>\u201cNa snimcima se mogu vidjeti i slu\u0161ati novinari i urednici RTV Podgorica dok u realnom vremenu razgovaraju i realizuju radne zadatke na radnim mjestima&#8221;, kazao je Ota\u0161evi\u0107.<\/p>\n","protected":false},"excerpt":{"rendered":"<p>Izvr\u0161ni direktor RTV Podgorica Vladimir Ota\u0161evi\u0107 jutros je Vrhovnom dr\u017eavom tu\u017eila\u0161tvu i Agenciji za za\u0161titu li\u010dnih podataka i slobodan pristup informacija podnio prijavu zbog sumnje u mogu\u0107e postojanje krivi\u010dnih djela i kr\u0161enje Zakona o za\u0161titi podataka o li\u010dnosti.<\/p>\n","protected":false},"author":1,"featured_media":408696,"comment_status":"open","ping_status":"closed","sticky":false,"template":"","format":"standard","meta":{"_seopress_robots_primary_cat":"none","_seopress_titles_title":"","_seopress_titles_desc":"","_seopress_robots_index":"","_et_pb_use_builder":"","_et_pb_old_content":"","_et_gb_content_width":"","inline_featured_image":false,"footnotes":""},"categories":[14],"tags":[],"class_list":["post-408693","post","type-post","status-publish","format-standard","has-post-thumbnail","hentry","category-vijesti"],"_links":{"self":[{"href":"https:\/\/www.pcnen.com\/portal\/wp-json\/wp\/v2\/posts\/408693","targetHints":{"allow":["GET"]}}],"collection":[{"href":"https:\/\/www.pcnen.com\/portal\/wp-json\/wp\/v2\/posts"}],"about":[{"href":"https:\/\/www.pcnen.com\/portal\/wp-json\/wp\/v2\/types\/post"}],"author":[{"embeddable":true,"href":"https:\/\/www.pcnen.com\/portal\/wp-json\/wp\/v2\/users\/1"}],"replies":[{"embeddable":true,"href":"https:\/\/www.pcnen.com\/portal\/wp-json\/wp\/v2\/comments?post=408693"}],"version-history":[{"count":2,"href":"https:\/\/www.pcnen.com\/portal\/wp-json\/wp\/v2\/posts\/408693\/revisions"}],"predecessor-version":[{"id":408699,"href":"https:\/\/www.pcnen.com\/portal\/wp-json\/wp\/v2\/posts\/408693\/revisions\/408699"}],"wp:featuredmedia":[{"embeddable":true,"href":"https:\/\/www.pcnen.com\/portal\/wp-json\/wp\/v2\/media\/408696"}],"wp:attachment":[{"href":"https:\/\/www.pcnen.com\/portal\/wp-json\/wp\/v2\/media?parent=408693"}],"wp:term":[{"taxonomy":"category","embeddable":true,"href":"https:\/\/www.pcnen.com\/portal\/wp-json\/wp\/v2\/categories?post=408693"},{"taxonomy":"post_tag","embeddable":true,"href":"https:\/\/www.pcnen.com\/portal\/wp-json\/wp\/v2\/tags?post=408693"}],"curies":[{"name":"wp","href":"https:\/\/api.w.org\/{rel}","templated":true}]}}