{"id":408689,"date":"2024-07-30T13:28:31","date_gmt":"2024-07-30T11:28:31","guid":{"rendered":"https:\/\/www.pcnen.com\/portal\/?p=408689"},"modified":"2024-07-30T13:28:31","modified_gmt":"2024-07-30T11:28:31","slug":"nijedan-kandidat-za-sudiju-us-nije-dobio-potrebnu-vecinu","status":"publish","type":"post","link":"https:\/\/www.pcnen.com\/portal\/2024\/07\/30\/nijedan-kandidat-za-sudiju-us-nije-dobio-potrebnu-vecinu\/","title":{"rendered":"Nijedan kandidat za sudiju US nije dobio potrebnu ve\u0107inu"},"content":{"rendered":"<p>Ustavni odbor nije danas dao podr\u0161ku nijednom kandidatu, od \u0161est prijavljenih, za sudiju Ustavnog suda.<\/p>\n<p>Nijedan od prijavljenih kandidata, u proceduri koja traje od februara, nije dobio potrebnu, natpolovi\u010dnu ve\u0107inu da bi ga Ustavni odbor predlo\u017eio Skup\u0161tini, koja bira sudije Ustavnog suda.<\/p>\n<p>Rok za prijavu po javnom pozivu za izbor jednog sudije Ustavnog suda istekao je 21. februara 2024. godine, a skup\u0161tinski Ustavni odbor raspisao ga je nakon \u0161to je Ustavni sud obavijestio parlament da sudija Milorad Gogi\u0107 27. maja 2024. sti\u010de uslove za odlazak u penziju.<\/p>\n<p>Prilikom glasanja za kandidate Aliju Beganovi\u0107a, Zorana Vuki\u0107evi\u0107a i Muhameda \u0110okaja, bilo je uzdr\u017eano osam poslanika, a nije bilo glasova za i protiv.<\/p>\n<p>Za kandidatkinju Nermu Dobard\u017ei\u0107 glasalo je pet poslanika, dok ih je sedam bilo uzdr\u017eano.<\/p>\n<p>Koji\u010di\u0107 Jovan dobio je tri glasa podr\u0161ke, dok je pet poslanika bilo uzdr\u017eano. Za Sanju Maslenjak glasala su tri poslanika, jedan je bio protiv, a uzdr\u017eanih sedam, prenose Vijesti.<\/p>\n<p>Sudija Ustavnog suda bira se iz reda istaknutih pravnika sa najmanje 40 godina \u017eivota i 15 godina radnog iskustva u pravnoj struci.<\/p>\n<p>U Zakonu o Ustavnom sudu pi\u0161e da se istaknutim pravnikom smatraju profesori pravnih nauka, sudije, dr\u017eavni tu\u017eioci, advokati, notari, pravnici koji rade u dr\u017eavnim organima, organima dr\u017eavne uprave i lokalne samouprave, odnosno lokalne uprave, kao i pravnici koji rade u privrednim dru\u0161tvima i pravnim licima, koji u\u017eivaju profesionalni i li\u010dni ugled.<\/p>\n<p>Sudija Ustavnog suda bira se na period od 12 godina, a za izbor je potrebna dvotre\u0107inska ve\u0107ina u Skup\u0161tini.<\/p>\n","protected":false},"excerpt":{"rendered":"<p>Ustavni odbor nije danas dao podr\u0161ku nijednom kandidatu, od \u0161est prijavljenih, za sudiju Ustavnog suda.<\/p>\n","protected":false},"author":1,"featured_media":404331,"comment_status":"open","ping_status":"closed","sticky":false,"template":"","format":"standard","meta":{"_seopress_robots_primary_cat":"none","_seopress_titles_title":"","_seopress_titles_desc":"","_seopress_robots_index":"","_et_pb_use_builder":"","_et_pb_old_content":"","_et_gb_content_width":"","inline_featured_image":false,"footnotes":""},"categories":[14],"tags":[],"class_list":["post-408689","post","type-post","status-publish","format-standard","has-post-thumbnail","hentry","category-vijesti"],"_links":{"self":[{"href":"https:\/\/www.pcnen.com\/portal\/wp-json\/wp\/v2\/posts\/408689","targetHints":{"allow":["GET"]}}],"collection":[{"href":"https:\/\/www.pcnen.com\/portal\/wp-json\/wp\/v2\/posts"}],"about":[{"href":"https:\/\/www.pcnen.com\/portal\/wp-json\/wp\/v2\/types\/post"}],"author":[{"embeddable":true,"href":"https:\/\/www.pcnen.com\/portal\/wp-json\/wp\/v2\/users\/1"}],"replies":[{"embeddable":true,"href":"https:\/\/www.pcnen.com\/portal\/wp-json\/wp\/v2\/comments?post=408689"}],"version-history":[{"count":1,"href":"https:\/\/www.pcnen.com\/portal\/wp-json\/wp\/v2\/posts\/408689\/revisions"}],"predecessor-version":[{"id":408692,"href":"https:\/\/www.pcnen.com\/portal\/wp-json\/wp\/v2\/posts\/408689\/revisions\/408692"}],"wp:featuredmedia":[{"embeddable":true,"href":"https:\/\/www.pcnen.com\/portal\/wp-json\/wp\/v2\/media\/404331"}],"wp:attachment":[{"href":"https:\/\/www.pcnen.com\/portal\/wp-json\/wp\/v2\/media?parent=408689"}],"wp:term":[{"taxonomy":"category","embeddable":true,"href":"https:\/\/www.pcnen.com\/portal\/wp-json\/wp\/v2\/categories?post=408689"},{"taxonomy":"post_tag","embeddable":true,"href":"https:\/\/www.pcnen.com\/portal\/wp-json\/wp\/v2\/tags?post=408689"}],"curies":[{"name":"wp","href":"https:\/\/api.w.org\/{rel}","templated":true}]}}