{"id":408667,"date":"2024-07-30T11:02:57","date_gmt":"2024-07-30T09:02:57","guid":{"rendered":"https:\/\/www.pcnen.com\/portal\/?p=408667"},"modified":"2024-07-30T11:02:57","modified_gmt":"2024-07-30T09:02:57","slug":"janovic-i-adzic-napustili-sjednicu-odbora-za-bezbjednost-i-odbranu","status":"publish","type":"post","link":"https:\/\/www.pcnen.com\/portal\/2024\/07\/30\/janovic-i-adzic-napustili-sjednicu-odbora-za-bezbjednost-i-odbranu\/","title":{"rendered":"Janovi\u0107 i Ad\u017ei\u0107 napustili sjednicu Odbora za bezbjednost i odbranu"},"content":{"rendered":"<p>Poslanici Demorkatske partrije socijalista (DPS) Nikola Janovi\u0107 i Gra\u0111anskog pokreta URA Filip Ad\u017ei\u0107, napustili su sjednicu Odbora za bezbjednost i odbranu jer nijesu \u017eeljeli da u\u010destvuju u &#8220;netransparentnosti&#8221; i &#8220;poni\u017eavanju parlamenta&#8221;.<\/p>\n<p>Janovi\u0107 i Ad\u017ei\u0107 su, nakon \u0161to su napustili sjednicu, novinarima kazali da je sjednica trebala da bude otvorena za javnost i da gra\u0111ani imaju pravo da znaju \u0161ta se de\u0161avalo prilikom imenovanja v.d. direktora Uprave policije.<\/p>\n<p>Ad\u017ei\u0107 je kazao da su premijer Milojko Spaji\u0107 i ministar unutra\u0161njih poslova Danilo \u0160aranovi\u0107 danas &#8220;ponizili parlament&#8221;, prenose Vijesti.<\/p>\n<p>Na sjednici Odbora za bezbjednost je planirano da Spaji\u0107 i \u0160aranovi\u0107 odgovaraju na pitanja poslanika na Odboru za bezbjednost i odbranu u Prostorijama za razmatranje materijala ozna\u010denih stepenom tajnosti. Tema saslu\u0161anja je &#8220;Imenovanje v.d. direktora Uprave policije i posljedice na sistem bezbjednosti u Crnoj Gori&#8221;.<\/p>\n<p>&#8220;\u010cekali smo da javnost sazna o ne\u010demu \u0161to je ga\u017eenje institucija, a premijer i ministra su odlu\u010dili da je zatvore za javnost. Nepo\u0161tovanje gra\u0111ana, pogotovo nakon nakon odluke Upravnog suda da obori izbor Radovi\u0107a&#8221;, rekao je Ad\u017ei\u0107.<\/p>\n<p>Dodao je da su gra\u0111ani trebali da saznaju za\u0161to se pribjeglo nezakonitom rje\u0161enju.<\/p>\n<p>&#8220;Predmeti koji su po\u010deli da se rade 2022. sad dobijaju epilog. Ima\u0107emo jo\u0161 ljudi koji slove za &#8216;krupne ribe&#8217;. Unutar Uprave policije postoje profesionalci koji nisu posustali. Ono \u0161to smo mi govorili je jedan segment, a drugo je \u0161to je rekao Upravni sud. Unutar Upravnog suda postoje ljudi koji \u017eele da vode politiku Vlade. Neki \u017eele da sudovi vode unutra\u0161nju i spoljnu politiku Crne Gore. To nije dobro. Neko se sad odlu\u010dio da po\u0161tuju odluke sudova kad im odgovara, a kad ne odgovara da ne po\u0161tuju. U slu\u010daju razrje\u0161enje generalnos sekretara ANB-a Artana Kurtija se pokazalo da Vlada ne po\u0161tuje sud&#8221;, rekao je Ad\u017ei\u0107.<\/p>\n<p>Janovi\u0107 je istakao da je sramota da se nakon \u0161to \u0161est mjeseci \u010dekanja sjednica odr\u017eava iza zatvorenih vrata.<\/p>\n<p>&#8220;Ako neko \u010deka toliko, javnost je zaslu\u017eila da \u010duje. Sjednica Vlade je u martu trajala do tri ujutro. Korektno je da gra\u0111ani \u010duju o \u010demu se radilo. Parlamentarna ve\u0107ina je htjela da izbegne da javnost sazna, to govori o njihovoj transparentnosti. Neke stvari koje javnost mora da zna &#8211; radi se o bezbjednosnom sektori&#8221;, rekao je Janovi\u0107.<\/p>\n<blockquote class=\"wp-embedded-content\" data-secret=\"MvJGTJwIz1\"><p><a href=\"https:\/\/www.pcnen.com\/portal\/2024\/07\/30\/zasijeda-odbora-za-bezbjednost-i-odbranu\/\">Zasijeda Odbora za bezbjednost i odbranu<\/a><\/p><\/blockquote>\n<p><iframe loading=\"lazy\" class=\"wp-embedded-content\" sandbox=\"allow-scripts\" security=\"restricted\" style=\"position: absolute; visibility: hidden;\" title=\"&#8220;Zasijeda Odbora za bezbjednost i odbranu&#8221; &#8212; PCNEN\" src=\"https:\/\/www.pcnen.com\/portal\/2024\/07\/30\/zasijeda-odbora-za-bezbjednost-i-odbranu\/embed\/#?secret=oyCGBVvNND#?secret=MvJGTJwIz1\" data-secret=\"MvJGTJwIz1\" width=\"600\" height=\"338\" frameborder=\"0\" marginwidth=\"0\" marginheight=\"0\" scrolling=\"no\"><\/iframe><\/p>\n","protected":false},"excerpt":{"rendered":"<p>Poslanici Demorkatske partrije socijalista (DPS) Nikola Janovi\u0107 i Gra\u0111anskog pokreta URA Filip Ad\u017ei\u0107, napustili su sjednicu Odbora za bezbjednost i odbranu jer nijesu \u017eeljeli da u\u010destvuju u &#8220;netransparentnosti&#8221; i &#8220;poni\u017eavanju parlamenta&#8221;.<\/p>\n","protected":false},"author":1,"featured_media":367050,"comment_status":"open","ping_status":"closed","sticky":false,"template":"","format":"standard","meta":{"_seopress_robots_primary_cat":"none","_seopress_titles_title":"","_seopress_titles_desc":"","_seopress_robots_index":"","_et_pb_use_builder":"","_et_pb_old_content":"","_et_gb_content_width":"","inline_featured_image":false,"footnotes":""},"categories":[14],"tags":[],"class_list":["post-408667","post","type-post","status-publish","format-standard","has-post-thumbnail","hentry","category-vijesti"],"_links":{"self":[{"href":"https:\/\/www.pcnen.com\/portal\/wp-json\/wp\/v2\/posts\/408667","targetHints":{"allow":["GET"]}}],"collection":[{"href":"https:\/\/www.pcnen.com\/portal\/wp-json\/wp\/v2\/posts"}],"about":[{"href":"https:\/\/www.pcnen.com\/portal\/wp-json\/wp\/v2\/types\/post"}],"author":[{"embeddable":true,"href":"https:\/\/www.pcnen.com\/portal\/wp-json\/wp\/v2\/users\/1"}],"replies":[{"embeddable":true,"href":"https:\/\/www.pcnen.com\/portal\/wp-json\/wp\/v2\/comments?post=408667"}],"version-history":[{"count":1,"href":"https:\/\/www.pcnen.com\/portal\/wp-json\/wp\/v2\/posts\/408667\/revisions"}],"predecessor-version":[{"id":408670,"href":"https:\/\/www.pcnen.com\/portal\/wp-json\/wp\/v2\/posts\/408667\/revisions\/408670"}],"wp:featuredmedia":[{"embeddable":true,"href":"https:\/\/www.pcnen.com\/portal\/wp-json\/wp\/v2\/media\/367050"}],"wp:attachment":[{"href":"https:\/\/www.pcnen.com\/portal\/wp-json\/wp\/v2\/media?parent=408667"}],"wp:term":[{"taxonomy":"category","embeddable":true,"href":"https:\/\/www.pcnen.com\/portal\/wp-json\/wp\/v2\/categories?post=408667"},{"taxonomy":"post_tag","embeddable":true,"href":"https:\/\/www.pcnen.com\/portal\/wp-json\/wp\/v2\/tags?post=408667"}],"curies":[{"name":"wp","href":"https:\/\/api.w.org\/{rel}","templated":true}]}}