{"id":408661,"date":"2024-07-30T09:34:58","date_gmt":"2024-07-30T07:34:58","guid":{"rendered":"https:\/\/www.pcnen.com\/portal\/?p=408661"},"modified":"2024-07-30T09:40:41","modified_gmt":"2024-07-30T07:40:41","slug":"oi-kvalitet-vode-los-otkazan-trijatlon","status":"publish","type":"post","link":"https:\/\/www.pcnen.com\/portal\/2024\/07\/30\/oi-kvalitet-vode-los-otkazan-trijatlon\/","title":{"rendered":"OI: Kvalitet vode lo\u0161, otkazan trijatlon"},"content":{"rendered":"<p>Dana\u0161nje takmi\u010denje u triatlonu na Olimpijskim igrama u Parizu je odgo\u0111eno zbog zaga\u0111enosti rijeke Sene.<\/p>\n<p>Iako se uo\u010di po\u010detka Olimpijskih igara gradona\u010delnica Pariza Anne Hidalgo okupala u Seni da doka\u017ee da je rijeka \u010dista, nedavna jaka ki\u0161a uticala je na nivo kvalitete vode u Seini.<\/p>\n<p>Sena je toliko prljava da su otkazani treninzi u nedjelju i ponedjeljak, ali i dana\u0161nje takmi\u010denje za mu\u0161karce, prenosi klix.ba.<\/p>\n<p>Organizatori su objavili da bi takmi\u010dari ugrozili zdravlje ukoliko bi plivali u Seni, te su odlu\u010dili da je najbolje da takmi\u010denje odgode za sjutra.<\/p>\n<p>Sjutra bi, prema rasporedu, trebalo da se takmi\u010de \u017eene u 8 sati, a nakon toga bi se u 10:45 na startu pojavili mu\u0161karci.<\/p>\n<p>I to je pod znakom pitanja jer su male \u0161anse da Sena sjutra ne bude zaga\u0111ena, a tako\u0111er je mogu\u0107e i grmljavinsko nevrijeme, \u0161to bi zna\u010dilo da ni sjutra ne\u0107e biti mogu\u0107e takmi\u010denje.<\/p>\n<p>&nbsp;<\/p>\n<blockquote class=\"wp-embedded-content\" data-secret=\"cHje0GxcVf\"><p><a href=\"https:\/\/www.pcnen.com\/portal\/2024\/07\/29\/ponovo-otkazan-trening-triatlonaca-zbog-zabrinjavajuceg-kvaliteta-vode-u-seni\/\">Ponovo otkazan trening triatlonaca zbog zabrinjavaju\u0107eg kvaliteta vode u Seni<\/a><\/p><\/blockquote>\n<p><iframe loading=\"lazy\" class=\"wp-embedded-content\" sandbox=\"allow-scripts\" security=\"restricted\" style=\"position: absolute; visibility: hidden;\" title=\"&#8220;Ponovo otkazan trening triatlonaca zbog zabrinjavaju\u0107eg kvaliteta vode u Seni&#8221; &#8212; PCNEN\" src=\"https:\/\/www.pcnen.com\/portal\/2024\/07\/29\/ponovo-otkazan-trening-triatlonaca-zbog-zabrinjavajuceg-kvaliteta-vode-u-seni\/embed\/#?secret=Q8UxVQBO4t#?secret=cHje0GxcVf\" data-secret=\"cHje0GxcVf\" width=\"600\" height=\"338\" frameborder=\"0\" marginwidth=\"0\" marginheight=\"0\" scrolling=\"no\"><\/iframe><\/p>\n","protected":false},"excerpt":{"rendered":"<p>Dana\u0161nje takmi\u010denje u triatlonu na Olimpijskim igrama u Parizu je odgo\u0111eno zbog zaga\u0111enosti rijeke Sene.<\/p>\n","protected":false},"author":1,"featured_media":408576,"comment_status":"open","ping_status":"closed","sticky":false,"template":"","format":"standard","meta":{"_seopress_robots_primary_cat":"none","_seopress_titles_title":"","_seopress_titles_desc":"","_seopress_robots_index":"","_et_pb_use_builder":"","_et_pb_old_content":"","_et_gb_content_width":"","inline_featured_image":false,"footnotes":""},"categories":[14],"tags":[],"class_list":["post-408661","post","type-post","status-publish","format-standard","has-post-thumbnail","hentry","category-vijesti"],"_links":{"self":[{"href":"https:\/\/www.pcnen.com\/portal\/wp-json\/wp\/v2\/posts\/408661","targetHints":{"allow":["GET"]}}],"collection":[{"href":"https:\/\/www.pcnen.com\/portal\/wp-json\/wp\/v2\/posts"}],"about":[{"href":"https:\/\/www.pcnen.com\/portal\/wp-json\/wp\/v2\/types\/post"}],"author":[{"embeddable":true,"href":"https:\/\/www.pcnen.com\/portal\/wp-json\/wp\/v2\/users\/1"}],"replies":[{"embeddable":true,"href":"https:\/\/www.pcnen.com\/portal\/wp-json\/wp\/v2\/comments?post=408661"}],"version-history":[{"count":3,"href":"https:\/\/www.pcnen.com\/portal\/wp-json\/wp\/v2\/posts\/408661\/revisions"}],"predecessor-version":[{"id":408666,"href":"https:\/\/www.pcnen.com\/portal\/wp-json\/wp\/v2\/posts\/408661\/revisions\/408666"}],"wp:featuredmedia":[{"embeddable":true,"href":"https:\/\/www.pcnen.com\/portal\/wp-json\/wp\/v2\/media\/408576"}],"wp:attachment":[{"href":"https:\/\/www.pcnen.com\/portal\/wp-json\/wp\/v2\/media?parent=408661"}],"wp:term":[{"taxonomy":"category","embeddable":true,"href":"https:\/\/www.pcnen.com\/portal\/wp-json\/wp\/v2\/categories?post=408661"},{"taxonomy":"post_tag","embeddable":true,"href":"https:\/\/www.pcnen.com\/portal\/wp-json\/wp\/v2\/tags?post=408661"}],"curies":[{"name":"wp","href":"https:\/\/api.w.org\/{rel}","templated":true}]}}