{"id":408655,"date":"2024-07-30T08:30:28","date_gmt":"2024-07-30T06:30:28","guid":{"rendered":"https:\/\/www.pcnen.com\/portal\/?p=408655"},"modified":"2024-07-30T09:27:32","modified_gmt":"2024-07-30T07:27:32","slug":"zasijeda-odbora-za-bezbjednost-i-odbranu","status":"publish","type":"post","link":"https:\/\/www.pcnen.com\/portal\/2024\/07\/30\/zasijeda-odbora-za-bezbjednost-i-odbranu\/","title":{"rendered":"Zasijeda Odbora za bezbjednost i odbranu"},"content":{"rendered":"<p>Kontrolno saslu\u0161anje predsjednika Vlade Crne Gore Milojka Spaji\u0107a i ministra unutra\u0161njih poslova Danila \u0160aranovi\u0107a, na temu: \u201eImenovanje v.d. direktora Uprave policije i posljedice na sistem bezbjednosti u Crnoj Gori\u201c.<\/p>\n<p>Sjednica Odbora je bila zakazana za utorak, 16. jul 2024. godine, pa je odgo\u0111ena za danas sa po\u010detkom u 9.00 sati.<\/p>\n<p>Incijativu za kontrolno saslu\u0161anje podnijeli su poslanici opozicije koji su \u010dlanovi Odbora, uz poslanicu Jevrosimu Pejovi\u0107, a nakon de\u0161avanja na sjednici Vlade u martu kada je Radovi\u0107 izabran za v.d. direktora policije na predlog Spaji\u0107a.<\/p>\n","protected":false},"excerpt":{"rendered":"<p>Kontrolno saslu\u0161anje predsjednika Vlade Crne Gore Milojka Spaji\u0107a i ministra unutra\u0161njih poslova Danila \u0160aranovi\u0107a, na temu: \u201eImenovanje v.d. direktora Uprave policije i posljedice na sistem bezbjednosti u Crnoj Gori\u201c.<\/p>\n","protected":false},"author":1,"featured_media":382486,"comment_status":"open","ping_status":"closed","sticky":false,"template":"","format":"standard","meta":{"_seopress_robots_primary_cat":"none","_seopress_titles_title":"","_seopress_titles_desc":"","_seopress_robots_index":"","_et_pb_use_builder":"","_et_pb_old_content":"","_et_gb_content_width":"","inline_featured_image":false,"footnotes":""},"categories":[14],"tags":[],"class_list":["post-408655","post","type-post","status-publish","format-standard","has-post-thumbnail","hentry","category-vijesti"],"_links":{"self":[{"href":"https:\/\/www.pcnen.com\/portal\/wp-json\/wp\/v2\/posts\/408655","targetHints":{"allow":["GET"]}}],"collection":[{"href":"https:\/\/www.pcnen.com\/portal\/wp-json\/wp\/v2\/posts"}],"about":[{"href":"https:\/\/www.pcnen.com\/portal\/wp-json\/wp\/v2\/types\/post"}],"author":[{"embeddable":true,"href":"https:\/\/www.pcnen.com\/portal\/wp-json\/wp\/v2\/users\/1"}],"replies":[{"embeddable":true,"href":"https:\/\/www.pcnen.com\/portal\/wp-json\/wp\/v2\/comments?post=408655"}],"version-history":[{"count":3,"href":"https:\/\/www.pcnen.com\/portal\/wp-json\/wp\/v2\/posts\/408655\/revisions"}],"predecessor-version":[{"id":408660,"href":"https:\/\/www.pcnen.com\/portal\/wp-json\/wp\/v2\/posts\/408655\/revisions\/408660"}],"wp:featuredmedia":[{"embeddable":true,"href":"https:\/\/www.pcnen.com\/portal\/wp-json\/wp\/v2\/media\/382486"}],"wp:attachment":[{"href":"https:\/\/www.pcnen.com\/portal\/wp-json\/wp\/v2\/media?parent=408655"}],"wp:term":[{"taxonomy":"category","embeddable":true,"href":"https:\/\/www.pcnen.com\/portal\/wp-json\/wp\/v2\/categories?post=408655"},{"taxonomy":"post_tag","embeddable":true,"href":"https:\/\/www.pcnen.com\/portal\/wp-json\/wp\/v2\/tags?post=408655"}],"curies":[{"name":"wp","href":"https:\/\/api.w.org\/{rel}","templated":true}]}}