{"id":408617,"date":"2024-07-29T19:46:22","date_gmt":"2024-07-29T17:46:22","guid":{"rendered":"https:\/\/www.pcnen.com\/portal\/?p=408617"},"modified":"2024-07-29T19:46:22","modified_gmt":"2024-07-29T17:46:22","slug":"sjutra-premijerski-sat-2","status":"publish","type":"post","link":"https:\/\/www.pcnen.com\/portal\/2024\/07\/29\/sjutra-premijerski-sat-2\/","title":{"rendered":"Sjutra premijerski sat"},"content":{"rendered":"<p>Premijer Milojko Spaji\u0107 odgovara\u0107e sjutra na pitanja predstavnika poslani\u010dkih klubova na posebnoj sjednici Skup\u0161tine, zakazanoj za 14 sati.<\/p>\n<p>Kako je objavljeno na sajtu Skup\u0161tine, poslanik Socijaldemokrata (SD) Branislav Nenezi\u0107, pita\u0107e Spaji\u0107a da li \u0107e pokrenuti postupak razrje\u0161enja potpredsjednika Vlade Alekse Be\u010di\u0107a, nakon \u0161to ga je Hrvatska, koja je \u010dlanica Evropske unije (EU), proglasila pro\u0161le sedmice nepo\u017eeljnom osobom u toj dr\u017eavi.<\/p>\n<p>Poslanik Demokratske partije socijalista (DPS) pita\u0107e Spaji\u0107a da li misli da koalicija u Skup\u0161tini i Vlada koju predvodi, a koja u svom sastavu ima \u010dlanove koji se nalaze na listi nepo\u017eeljnih u Hrvatskoj, mogu uvesti Crnu Goru u EU.<\/p>\n<p>Rako\u010devi\u0107 \u0107e tra\u017eiti od Spaji\u0107a i odgovor na pitanje da li \u0107e Pokret Evropa sad (PES) pokrenuti inicijativu za smjenu predsjednika parlamenta Andrije Mandi\u0107a, kao i da li \u0107e on pokrenuti inicijativu za smjenu Be\u010di\u0107a.<\/p>\n<p>\u0160ef poslani\u010dkog kluba Demokrata Boris Bogdanovi\u0107, pita\u0107e Spaji\u0107a da li se nacionalne razlike i podjele \u010desto koriste kao sredstvo za odvla\u010denje pa\u017enje javnosti od klju\u010dnih pitanja, kao \u0161to su kriminal i korupcija, prenosi Mina.<\/p>\n<p>\u201cDa li su takve retorike sredstvo koje koriste odre\u0111ene interesne grupe, posebno oni koje nazivamo lukrativnim nacionalistima, kako bi se prikrila njihova kriminalna djelatnost\u201d, naveo je Bogdanovi\u0107 u pitanju upu\u0107enom Spaji\u0107u.<\/p>\n<p>Poslanica posebnog kluba Jevrosima Pejovi\u0107 pita\u0107e Spaji\u0107a koje su su\u0161tinske razlike u nadle\u017enostima pojedinih resora.<\/p>\n<p>Pejovi\u0107 je posebno ukazala na razlike u portfoliju potpredsjednika Vlade za vanjske i evropske poslove Filipa Ivanovi\u0107a i potpredsjednika za me\u0111unarodne odnose Ervina Ibrahimovi\u0107a, koji pokriva i poziciju ministra vanjskih poslova.<\/p>\n<p>Poslanik Demokratske narodne partije (DNP) Vladislav Bojovi\u0107 tra\u017ei\u0107e odgovor na pitanje u kojoj fazi je priprema izgradnje druge i tre\u0107e dionice auto-puta, kao i u kojoj je fazi priprema i realizacija klju\u010dnih infrastrukturnih projekata na sjeveru Crne Gore.<\/p>\n<p>\u0160ef Kluba poslanika Socijalisti\u010dke narodne partije (SNP) i Saveza gra\u0111ana CIVIS Bogdan Bo\u017eovi\u0107 pita\u0107e da li Vlada planira da preduzme konkretne aktivnosti kako bi obe\u0161tetila biv\u0161e radnike \u201cImpregnacije AD Kolasin\u201d.<\/p>\n<p>Poslanik Bo\u0161nja\u010dke stranke (BS) Mirsad Nurkovi\u0107, tra\u017ei\u0107e od Spaji\u0107a odgovor na pitanje o stanju u Vladinoj politici zapo\u0161ljavanja gra\u0111ana sjevernog regiona Crne Gore \u2013 Pljevlja, Bijelog Polja, Kola\u0161ina, Mojkovca, Berana, Petnjice, Ro\u017eaje, Andrijevice, Plava i Gusinja.<\/p>\n<p>Lider Gra\u0111anskog pokreta (GP) URA Dritan Abazovi\u0107, pita\u0107e Spaji\u0107a da li je kod prethodnih zadu\u017eenja dr\u017eave i hed\u017einga (mehanizma za osiguranje od rizika u poslovanju) koristio usluge posredni\u010dkih agencija, ako jeste \u2013 kojih, kao i da li je s nekim od zaposlenih u njima u rodbinskim vezama.<\/p>\n<p>\u0160ef poslani\u010dkog kluba PES-a Vasilije \u010carapi\u0107, pita\u0107e Spaji\u0107a na koji na\u010din \u0107e ekonomski program \u201cEvropa sad 2\u201d pobolj\u0161ati polo\u017eaj mladih u Crnoj Gori, kao i koja je strategija Vlade po pitanju omladinske politike.<\/p>\n","protected":false},"excerpt":{"rendered":"<p>Premijer Milojko Spaji\u0107 odgovara\u0107e sjutra na pitanja predstavnika poslani\u010dkih klubova na posebnoj sjednici Skup\u0161tine, zakazanoj za 14 sati.<\/p>\n","protected":false},"author":1,"featured_media":389588,"comment_status":"open","ping_status":"closed","sticky":false,"template":"","format":"standard","meta":{"_seopress_robots_primary_cat":"none","_seopress_titles_title":"","_seopress_titles_desc":"","_seopress_robots_index":"","_et_pb_use_builder":"","_et_pb_old_content":"","_et_gb_content_width":"","inline_featured_image":false,"footnotes":""},"categories":[14],"tags":[],"class_list":["post-408617","post","type-post","status-publish","format-standard","has-post-thumbnail","hentry","category-vijesti"],"_links":{"self":[{"href":"https:\/\/www.pcnen.com\/portal\/wp-json\/wp\/v2\/posts\/408617","targetHints":{"allow":["GET"]}}],"collection":[{"href":"https:\/\/www.pcnen.com\/portal\/wp-json\/wp\/v2\/posts"}],"about":[{"href":"https:\/\/www.pcnen.com\/portal\/wp-json\/wp\/v2\/types\/post"}],"author":[{"embeddable":true,"href":"https:\/\/www.pcnen.com\/portal\/wp-json\/wp\/v2\/users\/1"}],"replies":[{"embeddable":true,"href":"https:\/\/www.pcnen.com\/portal\/wp-json\/wp\/v2\/comments?post=408617"}],"version-history":[{"count":1,"href":"https:\/\/www.pcnen.com\/portal\/wp-json\/wp\/v2\/posts\/408617\/revisions"}],"predecessor-version":[{"id":408620,"href":"https:\/\/www.pcnen.com\/portal\/wp-json\/wp\/v2\/posts\/408617\/revisions\/408620"}],"wp:featuredmedia":[{"embeddable":true,"href":"https:\/\/www.pcnen.com\/portal\/wp-json\/wp\/v2\/media\/389588"}],"wp:attachment":[{"href":"https:\/\/www.pcnen.com\/portal\/wp-json\/wp\/v2\/media?parent=408617"}],"wp:term":[{"taxonomy":"category","embeddable":true,"href":"https:\/\/www.pcnen.com\/portal\/wp-json\/wp\/v2\/categories?post=408617"},{"taxonomy":"post_tag","embeddable":true,"href":"https:\/\/www.pcnen.com\/portal\/wp-json\/wp\/v2\/tags?post=408617"}],"curies":[{"name":"wp","href":"https:\/\/api.w.org\/{rel}","templated":true}]}}