{"id":408609,"date":"2024-07-29T16:00:22","date_gmt":"2024-07-29T14:00:22","guid":{"rendered":"https:\/\/www.pcnen.com\/portal\/?p=408609"},"modified":"2024-07-29T16:00:22","modified_gmt":"2024-07-29T14:00:22","slug":"stepen-ugrozenosti-djukanovica-je-tajna","status":"publish","type":"post","link":"https:\/\/www.pcnen.com\/portal\/2024\/07\/29\/stepen-ugrozenosti-djukanovica-je-tajna\/","title":{"rendered":"Stepen ugro\u017eenosti \u0110ukanovi\u0107a je tajna"},"content":{"rendered":"<p>Pri\u010da o stepenu ugro\u017eenosti biv\u0161eg predsjednika Crne Gore i lidera DPS-a Mila \u0110ukanovi\u0107a je ozna\u010dena kao tajni podatak, kao i podatak o broju \u010dlanova obezbje\u0111enja, saop\u0161tio je direktor Uprave policije (UP) Zoran Br\u0111anin.<\/p>\n<p>Br\u0111anin je to rekao novinarima nakon \u0161to je saslu\u0161an u Odboru za bezbjednost i odbranu.<\/p>\n<p>Odbor je saslu\u0161ao i direktora Agencije za nacionalnu bezbjednost (ANB) Borisa Mili\u0107a o postupanju sektora bezbjednosti po obavje\u0161tajnim saznanjima da se priprema atentat na biv\u0161eg predsjednika dr\u017eave Mila \u0110ukanovi\u0107a.<\/p>\n<p>Br\u0111anin i Mili\u0107 saslu\u0161ani su u Skup\u0161tini u prostoriji za razmatranje materijala ozna\u010denih stepenom tajnosti, tzv. gluvoj sobi.<\/p>\n<p>&#8220;Sa moje ta\u010dke gledi\u0161ta nema vi\u0161e ni\u0161ta nejasno. Vjerujem da pojedini poslanici vjeruju i dalje da nije tako. \u0110ukanovi\u0107 kao biv\u0161i predsjednik ima pravo na obezbje\u0111enje u skladu sa procjenom bezbjednosti. Pri\u010da o stepenu njegove ugro\u017eenosti je ozna\u010dena kao tajni podatak, kao i podatak o broju \u010dlanova obezbje\u0111enja&#8221;, kazao je Br\u0111anin.<\/p>\n<p>\u0160to se ti\u010de odnosa sa ministrom unutra\u0161njih poslova Danilom \u0160aranovi\u0107em, Br\u0111anin je rekao da ne mo\u017ee re\u0107i da ga u ovom slu\u010daju ometa.<\/p>\n<p>&#8220;Naprotiv. \u010cak i nakon povratka je bolja komunikacija. Ja imam ne\u0161to \u0161to bih mogao re\u0107i i \u0161to je moj osvrt na ono \u0161to se desilo. Sara\u0111ujemo u ta\u010dno definisanim zakonskim rokovima i u ovom trenutku nemamo otvorenih pitanja&#8221;, kazao je Br\u0111anin, kojeg je Vlada Crne Gore vi\u0161e puta opozvala, a Upravni sud ga je vratio na posao.<\/p>\n<p>On je kazao da nije bilo propusta kada je u pitanju postupanje ANB-a i policije.<\/p>\n<p>&#8220;Ne \u017eele\u0107i da iza\u0111em iz djelokruga nadle\u017enosti, ANB ima ve\u0107i stepen podataka kada je u pitanju bezbjednost \u0110ukanovi\u0107a. Na osnovu operativnih podataka, nema nejasno\u0107a. Ostaje da tu\u017eila\u0161tvo zaokru\u017ei svoj posao. U trenutku kad je UP dobila podatke, tu\u017eila\u0161tvo je primilo informaciju i formiralo predmet. UP je postupila po zahtjevima tu\u017eila\u0161tva&#8221;, rekao je Br\u0111anin.<\/p>\n<p>Odbor je Br\u0111anina i Mili\u0107a saslu\u0161ao na inicijativu Demokratske partije socijalista (DPS).<\/p>\n<p>Ta partija je saslu\u0161anje inicirala da bi se, kako su saop\u0161tili, uvjerili da nadle\u017ene bezbjednosne slu\u017ebe rade sve na za\u0161titi \u017eivota \u0161ti\u0107enih li\u010dnosti, pi\u0161u &#8220;Vijesti&#8221;.<\/p>\n<p>Podsje\u0107aju da su oni jo\u0161 13. jula objavili da je \u0110ukanovi\u0107 obavijestio crnogorske nadle\u017ene organe da je dobio informaciju da se na njega priprema atentat.<\/p>\n<p>&#8220;Raniji predsjednik je dobio navedenu informaciju od odre\u0111enih me\u0111unarodnih zvani\u010dnika iz obavje\u0161tajne zajednice i sa tom informacijom upoznao je dr\u017eavne organe&#8221;, odgovoreno je tada iz \u0110ukanovi\u0107eve kancelarije na pitanje da li je ga je bilo ko iz bezbjednosnog sektora obavijestio da mu je ugro\u017eena bezbjednost, odnosno da se na njega priprema atentat.<\/p>\n<p>Nije odgovoreno ko je i kada \u0110ukanovi\u0107u prenio tu informaciju.<\/p>\n<blockquote class=\"wp-embedded-content\" data-secret=\"Qe4JyYm8Jj\"><p><a href=\"https:\/\/www.pcnen.com\/portal\/2024\/07\/29\/brdjanin-i-milic-danas-o-saznanjima-o-pripremi-atentata-na-djukanovica\/\">Br\u0111anin i Mili\u0107 danas o saznanjima o pripremi atentata na \u0110ukanovi\u0107a<\/a><\/p><\/blockquote>\n<p><iframe loading=\"lazy\" class=\"wp-embedded-content\" sandbox=\"allow-scripts\" security=\"restricted\" style=\"position: absolute; visibility: hidden;\" title=\"&#8220;Br\u0111anin i Mili\u0107 danas o saznanjima o pripremi atentata na \u0110ukanovi\u0107a&#8221; &#8212; PCNEN\" src=\"https:\/\/www.pcnen.com\/portal\/2024\/07\/29\/brdjanin-i-milic-danas-o-saznanjima-o-pripremi-atentata-na-djukanovica\/embed\/#?secret=Yf31Fbx3dU#?secret=Qe4JyYm8Jj\" data-secret=\"Qe4JyYm8Jj\" width=\"600\" height=\"338\" frameborder=\"0\" marginwidth=\"0\" marginheight=\"0\" scrolling=\"no\"><\/iframe><\/p>\n","protected":false},"excerpt":{"rendered":"<p>Pri\u010da o stepenu ugro\u017eenosti biv\u0161eg predsjednika Crne Gore i lidera DPS-a Mila \u0110ukanovi\u0107a je ozna\u010dena kao tajni podatak, kao i podatak o broju \u010dlanova obezbje\u0111enja, saop\u0161tio je direktor Uprave policije (UP) Zoran Br\u0111anin.<\/p>\n","protected":false},"author":1,"featured_media":0,"comment_status":"open","ping_status":"closed","sticky":false,"template":"","format":"standard","meta":{"_seopress_robots_primary_cat":"none","_seopress_titles_title":"","_seopress_titles_desc":"","_seopress_robots_index":"","_et_pb_use_builder":"","_et_pb_old_content":"","_et_gb_content_width":"","inline_featured_image":false,"footnotes":""},"categories":[14],"tags":[],"class_list":["post-408609","post","type-post","status-publish","format-standard","hentry","category-vijesti"],"_links":{"self":[{"href":"https:\/\/www.pcnen.com\/portal\/wp-json\/wp\/v2\/posts\/408609","targetHints":{"allow":["GET"]}}],"collection":[{"href":"https:\/\/www.pcnen.com\/portal\/wp-json\/wp\/v2\/posts"}],"about":[{"href":"https:\/\/www.pcnen.com\/portal\/wp-json\/wp\/v2\/types\/post"}],"author":[{"embeddable":true,"href":"https:\/\/www.pcnen.com\/portal\/wp-json\/wp\/v2\/users\/1"}],"replies":[{"embeddable":true,"href":"https:\/\/www.pcnen.com\/portal\/wp-json\/wp\/v2\/comments?post=408609"}],"version-history":[{"count":1,"href":"https:\/\/www.pcnen.com\/portal\/wp-json\/wp\/v2\/posts\/408609\/revisions"}],"predecessor-version":[{"id":408612,"href":"https:\/\/www.pcnen.com\/portal\/wp-json\/wp\/v2\/posts\/408609\/revisions\/408612"}],"wp:attachment":[{"href":"https:\/\/www.pcnen.com\/portal\/wp-json\/wp\/v2\/media?parent=408609"}],"wp:term":[{"taxonomy":"category","embeddable":true,"href":"https:\/\/www.pcnen.com\/portal\/wp-json\/wp\/v2\/categories?post=408609"},{"taxonomy":"post_tag","embeddable":true,"href":"https:\/\/www.pcnen.com\/portal\/wp-json\/wp\/v2\/tags?post=408609"}],"curies":[{"name":"wp","href":"https:\/\/api.w.org\/{rel}","templated":true}]}}