{"id":408599,"date":"2024-07-29T15:40:12","date_gmt":"2024-07-29T13:40:12","guid":{"rendered":"https:\/\/www.pcnen.com\/portal\/?p=408599"},"modified":"2024-07-29T15:41:26","modified_gmt":"2024-07-29T13:41:26","slug":"bivsi-radnici-kosute-ne-odustaju-od-protesta","status":"publish","type":"post","link":"https:\/\/www.pcnen.com\/portal\/2024\/07\/29\/bivsi-radnici-kosute-ne-odustaju-od-protesta\/","title":{"rendered":"Biv\u0161i radnici Ko\u0161ute ne odustaju od protesta"},"content":{"rendered":"<p>Biv\u0161i radnici cetinjske Ko\u0161ute zaustavili su i danas saobra\u0107aj izme\u0111u Cetinja i Podgorice, u mjestu Kru\u0161evo \u017edrijelo, zahtijevaju\u0107i od Vlade da im se, izme\u0111u ostalog, isplate zaostale zarade.<\/p>\n<p>Cetinjski list prenosi da ni nakon pet mjeseci otkako su po\u010deli sa blokadama puta radnici nijesu dobili odgovor, ali ne gube nadu i o\u010dekuju, kako je kazala njihova predstavnica Dijana Vujovi\u0107, da \u0107e se nadle\u017eni iz rekonstrisane Vladu ipak oglasiti i pozvati ih na dogovor.<\/p>\n<p>\u201cU Ministarstvu rada su sada dva ministra, nadamo se da \u0107e bar jedan na\u0107i za shodno da nas primi, da ipak do\u0111e do nekog dijaloga da se rije\u0161i ova agonija koja traje toliko godina\u201d, kazala je Vujovi\u0107.<\/p>\n<p>Radnici \u0107e nastaviti sa protestima i sa\u010dekati septembar da se Vlada vrati sa godi\u0161njeg odmora, kako bi, eventualno, radikalizovali proteste.<\/p>\n<p>\u201cU septembru \u0107emo kona\u010dno preduzeti prave korake, mora\u0107emo svi i mladi i stari pred Vladu i po\u010deti \u0161trajk gla\u0111u. Izgleda da nemamo drugoga izlaza\u201d, navela je Vujovi\u0107.<\/p>\n<p>Ona je jo\u0161 jednom osudila ignorantski stav nadle\u017enih kada su u pitanju problemi biv\u0161ih radnika Ko\u0161ute, prenosi Mina business.<\/p>\n<p>\u201cDajte da do\u0111emo do nekoga dogovora pa da to bude neki period od tri mjeseca, ali da vi\u0161e to stavimo na papir, jer stvarno dvadeset i osam godina mu\u010diti se i prebacivati loptu sa jednog na drugoga a neko se \u0161titi. Tu se neko debelo \u0161titi, vjerujte \u2013 i taj ko je u\u010destvovao u ste\u010daju i taj ko je pokrao fabriku i taj ko je prodao fabriku. Opet vam ka\u017eem, mi nijesmo ni\u0161ta dobili iz ste\u010dajne mase, \u010dak ni na\u0161ih zara\u0111enih devet plata\u201d, rekla je Vujovi\u0107.<\/p>\n<p>Radnici su i danas od 11 sati stajali pored magistrale s transparentima, nakon \u010dega je od 11 sati i 30 minuta uslijedila polusatna blokada saobra\u0107aja.<\/p>\n<p>Naredni protest bi\u0107e odr\u017ean u ponedjeljak, a vrijeme po\u010detka protesta odnosno blokade puta Cetinje \u2013 Podgorica jo\u0161 nije poznato.<\/p>\n<p><a href=\"https:\/\/www.pcnen.com\/portal\/?s=Ko%C5%A1ute\">VEZANE VIJESTI<\/a><\/p>\n","protected":false},"excerpt":{"rendered":"<p>Biv\u0161i radnici cetinjske Ko\u0161ute zaustavili su i danas saobra\u0107aj izme\u0111u Cetinja i Podgorice, u mjestu Kru\u0161evo \u017edrijelo, zahtijevaju\u0107i od Vlade da im se, izme\u0111u ostalog, isplate zaostale zarade.<\/p>\n","protected":false},"author":1,"featured_media":396515,"comment_status":"open","ping_status":"closed","sticky":false,"template":"","format":"standard","meta":{"_seopress_robots_primary_cat":"none","_seopress_titles_title":"","_seopress_titles_desc":"","_seopress_robots_index":"","_et_pb_use_builder":"","_et_pb_old_content":"","_et_gb_content_width":"","inline_featured_image":false,"footnotes":""},"categories":[14],"tags":[],"class_list":["post-408599","post","type-post","status-publish","format-standard","has-post-thumbnail","hentry","category-vijesti"],"_links":{"self":[{"href":"https:\/\/www.pcnen.com\/portal\/wp-json\/wp\/v2\/posts\/408599","targetHints":{"allow":["GET"]}}],"collection":[{"href":"https:\/\/www.pcnen.com\/portal\/wp-json\/wp\/v2\/posts"}],"about":[{"href":"https:\/\/www.pcnen.com\/portal\/wp-json\/wp\/v2\/types\/post"}],"author":[{"embeddable":true,"href":"https:\/\/www.pcnen.com\/portal\/wp-json\/wp\/v2\/users\/1"}],"replies":[{"embeddable":true,"href":"https:\/\/www.pcnen.com\/portal\/wp-json\/wp\/v2\/comments?post=408599"}],"version-history":[{"count":3,"href":"https:\/\/www.pcnen.com\/portal\/wp-json\/wp\/v2\/posts\/408599\/revisions"}],"predecessor-version":[{"id":408604,"href":"https:\/\/www.pcnen.com\/portal\/wp-json\/wp\/v2\/posts\/408599\/revisions\/408604"}],"wp:featuredmedia":[{"embeddable":true,"href":"https:\/\/www.pcnen.com\/portal\/wp-json\/wp\/v2\/media\/396515"}],"wp:attachment":[{"href":"https:\/\/www.pcnen.com\/portal\/wp-json\/wp\/v2\/media?parent=408599"}],"wp:term":[{"taxonomy":"category","embeddable":true,"href":"https:\/\/www.pcnen.com\/portal\/wp-json\/wp\/v2\/categories?post=408599"},{"taxonomy":"post_tag","embeddable":true,"href":"https:\/\/www.pcnen.com\/portal\/wp-json\/wp\/v2\/tags?post=408599"}],"curies":[{"name":"wp","href":"https:\/\/api.w.org\/{rel}","templated":true}]}}