{"id":408595,"date":"2024-07-29T15:10:34","date_gmt":"2024-07-29T13:10:34","guid":{"rendered":"https:\/\/www.pcnen.com\/portal\/?p=408595"},"modified":"2024-07-29T15:10:34","modified_gmt":"2024-07-29T13:10:34","slug":"tri-velika-pozara-u-cg","status":"publish","type":"post","link":"https:\/\/www.pcnen.com\/portal\/2024\/07\/29\/tri-velika-pozara-u-cg\/","title":{"rendered":"Tri velika po\u017eara u CG"},"content":{"rendered":"<p>Podgori\u010dki vatrogasci gase po\u017ear na Radov\u010du, a gori i na Medunu.<\/p>\n<p>Po\u017ear se \u0161iri ka Fundini, a vr\u0161ilac du\u017enosti komandira Slu\u017ebe za\u0161tite i spa\u0161avanja Zdravko Ble\u010di\u0107 ka\u017ee da im sjeverni vjetar ote\u017eava ga\u0161enje po\u017eara.<\/p>\n<p>Veliki po\u017ear koji je izbio prije tri dana na granici budvanske i cetinjske op\u0161tine, pro\u0161irio se na Pa\u0161trovsku goru, a vjetar potpoma\u017ee da vatra &#8220;guta&#8221; \u0161umu i nisko rastinje te se \u0161iri i dalje.<\/p>\n<p>Vatrogascima iz obje op\u0161tine nemogu\u0107e je pri\u0107i, jer gori nepristupa\u010dan teren, te je ga\u0161enje jedino mogu\u0107e avionom.<\/p>\n","protected":false},"excerpt":{"rendered":"<p>Podgori\u010dki vatrogasci gase po\u017ear na Radov\u010du, a gori i na Medunu.<\/p>\n","protected":false},"author":1,"featured_media":398023,"comment_status":"open","ping_status":"closed","sticky":false,"template":"","format":"standard","meta":{"_seopress_robots_primary_cat":"none","_seopress_titles_title":"","_seopress_titles_desc":"","_seopress_robots_index":"","_et_pb_use_builder":"","_et_pb_old_content":"","_et_gb_content_width":"","inline_featured_image":false,"footnotes":""},"categories":[14],"tags":[],"class_list":["post-408595","post","type-post","status-publish","format-standard","has-post-thumbnail","hentry","category-vijesti"],"_links":{"self":[{"href":"https:\/\/www.pcnen.com\/portal\/wp-json\/wp\/v2\/posts\/408595","targetHints":{"allow":["GET"]}}],"collection":[{"href":"https:\/\/www.pcnen.com\/portal\/wp-json\/wp\/v2\/posts"}],"about":[{"href":"https:\/\/www.pcnen.com\/portal\/wp-json\/wp\/v2\/types\/post"}],"author":[{"embeddable":true,"href":"https:\/\/www.pcnen.com\/portal\/wp-json\/wp\/v2\/users\/1"}],"replies":[{"embeddable":true,"href":"https:\/\/www.pcnen.com\/portal\/wp-json\/wp\/v2\/comments?post=408595"}],"version-history":[{"count":1,"href":"https:\/\/www.pcnen.com\/portal\/wp-json\/wp\/v2\/posts\/408595\/revisions"}],"predecessor-version":[{"id":408598,"href":"https:\/\/www.pcnen.com\/portal\/wp-json\/wp\/v2\/posts\/408595\/revisions\/408598"}],"wp:featuredmedia":[{"embeddable":true,"href":"https:\/\/www.pcnen.com\/portal\/wp-json\/wp\/v2\/media\/398023"}],"wp:attachment":[{"href":"https:\/\/www.pcnen.com\/portal\/wp-json\/wp\/v2\/media?parent=408595"}],"wp:term":[{"taxonomy":"category","embeddable":true,"href":"https:\/\/www.pcnen.com\/portal\/wp-json\/wp\/v2\/categories?post=408595"},{"taxonomy":"post_tag","embeddable":true,"href":"https:\/\/www.pcnen.com\/portal\/wp-json\/wp\/v2\/tags?post=408595"}],"curies":[{"name":"wp","href":"https:\/\/api.w.org\/{rel}","templated":true}]}}