{"id":408573,"date":"2024-07-29T10:52:07","date_gmt":"2024-07-29T08:52:07","guid":{"rendered":"https:\/\/www.pcnen.com\/portal\/?p=408573"},"modified":"2024-07-29T10:52:07","modified_gmt":"2024-07-29T08:52:07","slug":"ponovo-otkazan-trening-triatlonaca-zbog-zabrinjavajuceg-kvaliteta-vode-u-seni","status":"publish","type":"post","link":"https:\/\/www.pcnen.com\/portal\/2024\/07\/29\/ponovo-otkazan-trening-triatlonaca-zbog-zabrinjavajuceg-kvaliteta-vode-u-seni\/","title":{"rendered":"Ponovo otkazan trening triatlonaca zbog zabrinjavaju\u0107eg kvaliteta vode u Seni"},"content":{"rendered":"<p>Pliva\u010dki trening triatlonaca otkazan je danas, drugi dan uzastopno, zbog zabrinjavaju\u0107eg kvaliteta vode u rijeci Seni.<\/p>\n<p>Organizatori Olimpijskih igara u Parizu optimisti\u010dni su da \u0107e triatlonci mo\u0107i u utorak da zaplivaju u Seni, kada po\u010dnu takmi\u010denja.<\/p>\n<p>Vode\u0107e tijelo sporta Svjetski triatlon i ljekarski tim te organizacije, zajedno sa gradskim zvani\u010dnicima, ra\u010dunaju na sun\u010dano vrijeme i vi\u0161e temperature u narednih 36 sati kako bi se pobolj\u0161ao kvalitet vode i doveli je ispod neophodnih granica za organizovanje pliva\u010dkog dijela takmi\u010denja. Osim plivanja, triatlonci se takmi\u010de u biciklizmu i tr\u010danju.<\/p>\n<p>Svjetski triatlon odlu\u010dio je da otka\u017ee dana\u0161nji pliva\u010dki trening, poslije sastanka u vezi sa kvalitetom vode, prenosi Beta.<\/p>\n<p>Organizatori Igara i Svjetskog triatlona objavili su da su testovi obavljeni u nedjelju pokazali da nivo kvaliteta vode &#8220;nije pru\u017eio dovoljne garancije da bi se omogu\u0107ilo odr\u017eavanje treninga&#8221; i da je to zbog nedavne ki\u0161e koja je padala i tokom ceremonije otvaranja u petak.<\/p>\n<p>Plivanje u Seni je uglavnom zabranjeno zbog lo\u0161eg kvaliteta vode. Organizatori su ulo\u017eili 1,4 milijarde eura da pripreme rijeku za Olimpijske igre. Osim triatlona, na Seni bi trebalo da se odr\u017ee pliva\u010dka takmi\u010denja u maratonu 8. i 9. avgusta.<\/p>\n<p>Gradona\u010delnica Pariza An Idalgo plivala je 17. juna u Seni, manje od dvije nedjelje od po\u010detka Olimpijskih igara.<\/p>\n","protected":false},"excerpt":{"rendered":"<p>Pliva\u010dki trening triatlonaca otkazan je danas, drugi dan uzastopno, zbog zabrinjavaju\u0107eg kvaliteta vode u rijeci Seni.<\/p>\n","protected":false},"author":1,"featured_media":408576,"comment_status":"open","ping_status":"closed","sticky":false,"template":"","format":"standard","meta":{"_seopress_robots_primary_cat":"none","_seopress_titles_title":"","_seopress_titles_desc":"","_seopress_robots_index":"","_et_pb_use_builder":"","_et_pb_old_content":"","_et_gb_content_width":"","inline_featured_image":false,"footnotes":""},"categories":[14],"tags":[],"class_list":["post-408573","post","type-post","status-publish","format-standard","has-post-thumbnail","hentry","category-vijesti"],"_links":{"self":[{"href":"https:\/\/www.pcnen.com\/portal\/wp-json\/wp\/v2\/posts\/408573","targetHints":{"allow":["GET"]}}],"collection":[{"href":"https:\/\/www.pcnen.com\/portal\/wp-json\/wp\/v2\/posts"}],"about":[{"href":"https:\/\/www.pcnen.com\/portal\/wp-json\/wp\/v2\/types\/post"}],"author":[{"embeddable":true,"href":"https:\/\/www.pcnen.com\/portal\/wp-json\/wp\/v2\/users\/1"}],"replies":[{"embeddable":true,"href":"https:\/\/www.pcnen.com\/portal\/wp-json\/wp\/v2\/comments?post=408573"}],"version-history":[{"count":1,"href":"https:\/\/www.pcnen.com\/portal\/wp-json\/wp\/v2\/posts\/408573\/revisions"}],"predecessor-version":[{"id":408577,"href":"https:\/\/www.pcnen.com\/portal\/wp-json\/wp\/v2\/posts\/408573\/revisions\/408577"}],"wp:featuredmedia":[{"embeddable":true,"href":"https:\/\/www.pcnen.com\/portal\/wp-json\/wp\/v2\/media\/408576"}],"wp:attachment":[{"href":"https:\/\/www.pcnen.com\/portal\/wp-json\/wp\/v2\/media?parent=408573"}],"wp:term":[{"taxonomy":"category","embeddable":true,"href":"https:\/\/www.pcnen.com\/portal\/wp-json\/wp\/v2\/categories?post=408573"},{"taxonomy":"post_tag","embeddable":true,"href":"https:\/\/www.pcnen.com\/portal\/wp-json\/wp\/v2\/tags?post=408573"}],"curies":[{"name":"wp","href":"https:\/\/api.w.org\/{rel}","templated":true}]}}