{"id":408565,"date":"2024-07-29T11:00:45","date_gmt":"2024-07-29T09:00:45","guid":{"rendered":"https:\/\/www.pcnen.com\/portal\/?p=408565"},"modified":"2024-07-29T11:03:57","modified_gmt":"2024-07-29T09:03:57","slug":"pres-konferencija-andreja-milovica-uzivo","status":"publish","type":"post","link":"https:\/\/www.pcnen.com\/portal\/2024\/07\/29\/pres-konferencija-andreja-milovica-uzivo\/","title":{"rendered":"Pres konferencija Andreja Milovi\u0107a (u\u017eivo)"},"content":{"rendered":"<p><iframe loading=\"lazy\" title=\"YouTube video player\" src=\"https:\/\/www.youtube.com\/embed\/otY1vVpHCOQ?si=d7c_liZRa68pd6bU\" width=\"560\" height=\"315\" frameborder=\"0\" allowfullscreen=\"allowfullscreen\"><\/iframe><\/p>\n<p>Ministar pravde<strong>\u00a0<\/strong>Andrej Milovi\u0107\u00a0 je smijenjen tokom rekonstrukcije Vlade tako da nije mogao da odgovara na poslani\u010dka pitanja.<\/p>\n<p>Ranije je premijer\u00a0Milojko Spaji\u0107\u00a0je tra\u017eio od Skup\u0161tine da razrije\u0161i Milovi\u0107a.<\/p>\n<p>Podgori\u010dki mediji nedavno su prenijeli da \u0107e Milovi\u0107 u\u010destvovati u trci za gradona\u010delnika Glavnog grada a izborima zakazanim za 29. septembar.<\/p>\n","protected":false},"excerpt":{"rendered":"<p>Ministar pravde\u00a0Andrej Milovi\u0107\u00a0 je smijenjen tokom rekonstrukcije Vlade tako da nije mogao da odgovara na poslani\u010dka pitanja.<\/p>\n","protected":false},"author":1,"featured_media":370952,"comment_status":"open","ping_status":"closed","sticky":false,"template":"","format":"standard","meta":{"_seopress_robots_primary_cat":"none","_seopress_titles_title":"","_seopress_titles_desc":"","_seopress_robots_index":"","_et_pb_use_builder":"","_et_pb_old_content":"","_et_gb_content_width":"","inline_featured_image":false,"footnotes":""},"categories":[14],"tags":[],"class_list":["post-408565","post","type-post","status-publish","format-standard","has-post-thumbnail","hentry","category-vijesti"],"_links":{"self":[{"href":"https:\/\/www.pcnen.com\/portal\/wp-json\/wp\/v2\/posts\/408565","targetHints":{"allow":["GET"]}}],"collection":[{"href":"https:\/\/www.pcnen.com\/portal\/wp-json\/wp\/v2\/posts"}],"about":[{"href":"https:\/\/www.pcnen.com\/portal\/wp-json\/wp\/v2\/types\/post"}],"author":[{"embeddable":true,"href":"https:\/\/www.pcnen.com\/portal\/wp-json\/wp\/v2\/users\/1"}],"replies":[{"embeddable":true,"href":"https:\/\/www.pcnen.com\/portal\/wp-json\/wp\/v2\/comments?post=408565"}],"version-history":[{"count":3,"href":"https:\/\/www.pcnen.com\/portal\/wp-json\/wp\/v2\/posts\/408565\/revisions"}],"predecessor-version":[{"id":408583,"href":"https:\/\/www.pcnen.com\/portal\/wp-json\/wp\/v2\/posts\/408565\/revisions\/408583"}],"wp:featuredmedia":[{"embeddable":true,"href":"https:\/\/www.pcnen.com\/portal\/wp-json\/wp\/v2\/media\/370952"}],"wp:attachment":[{"href":"https:\/\/www.pcnen.com\/portal\/wp-json\/wp\/v2\/media?parent=408565"}],"wp:term":[{"taxonomy":"category","embeddable":true,"href":"https:\/\/www.pcnen.com\/portal\/wp-json\/wp\/v2\/categories?post=408565"},{"taxonomy":"post_tag","embeddable":true,"href":"https:\/\/www.pcnen.com\/portal\/wp-json\/wp\/v2\/tags?post=408565"}],"curies":[{"name":"wp","href":"https:\/\/api.w.org\/{rel}","templated":true}]}}