{"id":408539,"date":"2024-07-29T07:43:35","date_gmt":"2024-07-29T05:43:35","guid":{"rendered":"https:\/\/www.pcnen.com\/portal\/?p=408539"},"modified":"2024-07-29T07:43:35","modified_gmt":"2024-07-29T05:43:35","slug":"erdogan-zaprijetio-izraelu-da-ce-uci-u-rat","status":"publish","type":"post","link":"https:\/\/www.pcnen.com\/portal\/2024\/07\/29\/erdogan-zaprijetio-izraelu-da-ce-uci-u-rat\/","title":{"rendered":"Erdogan zaprijetio Izraelu da \u0107e u\u0107i u rat"},"content":{"rendered":"<p>Predsjednik Turske Red\u017eep Tajip Erdogan je zaprijetio ju\u010de da bi Turska mogla da u\u0111e u Izrael da bi pru\u017eila podr\u0161ku Palestincima, ali nije precizirao o kakvoj bi intervenciji moglo da bude rije\u010di, prenose online mediji agencijsku vijest.<\/p>\n<p>&#8220;Moramo biti veoma jaki da Izrael ne bi mogao da radi ove stvari Palestini&#8221;, rekao je Erdogan na sastanku ogranka vladaju\u0107e Partija pravde i razvoja u provinciji Rize, u svom rodnom gradu.<\/p>\n<p>Prema njegovim rije\u010dima, kao \u0161to je Turska u\u0161la u Nagorno-Karabah, kao \u0161to je u\u0161la u Libiju, mogla bi isto da u\u010diniti i Izraelu.<\/p>\n<p>&#8220;Ne postoji ni\u0161ta \u0161to ne mo\u017eemo u\u010diniti. Moramo biti samo jaki&#8221;, istakao je Erdogan.<\/p>\n","protected":false},"excerpt":{"rendered":"<p>Predsjednik Turske Red\u017eep Tajip Erdogan je zaprijetio ju\u010de da bi Turska mogla da u\u0111e u Izrael da bi pru\u017eila podr\u0161ku Palestincima, ali nije precizirao o kakvoj bi intervenciji moglo da bude rije\u010di<\/p>\n","protected":false},"author":1,"featured_media":295665,"comment_status":"open","ping_status":"closed","sticky":false,"template":"","format":"standard","meta":{"_seopress_robots_primary_cat":"none","_seopress_titles_title":"","_seopress_titles_desc":"","_seopress_robots_index":"","_et_pb_use_builder":"","_et_pb_old_content":"","_et_gb_content_width":"","inline_featured_image":false,"footnotes":""},"categories":[14],"tags":[],"class_list":["post-408539","post","type-post","status-publish","format-standard","has-post-thumbnail","hentry","category-vijesti"],"_links":{"self":[{"href":"https:\/\/www.pcnen.com\/portal\/wp-json\/wp\/v2\/posts\/408539","targetHints":{"allow":["GET"]}}],"collection":[{"href":"https:\/\/www.pcnen.com\/portal\/wp-json\/wp\/v2\/posts"}],"about":[{"href":"https:\/\/www.pcnen.com\/portal\/wp-json\/wp\/v2\/types\/post"}],"author":[{"embeddable":true,"href":"https:\/\/www.pcnen.com\/portal\/wp-json\/wp\/v2\/users\/1"}],"replies":[{"embeddable":true,"href":"https:\/\/www.pcnen.com\/portal\/wp-json\/wp\/v2\/comments?post=408539"}],"version-history":[{"count":1,"href":"https:\/\/www.pcnen.com\/portal\/wp-json\/wp\/v2\/posts\/408539\/revisions"}],"predecessor-version":[{"id":408544,"href":"https:\/\/www.pcnen.com\/portal\/wp-json\/wp\/v2\/posts\/408539\/revisions\/408544"}],"wp:featuredmedia":[{"embeddable":true,"href":"https:\/\/www.pcnen.com\/portal\/wp-json\/wp\/v2\/media\/295665"}],"wp:attachment":[{"href":"https:\/\/www.pcnen.com\/portal\/wp-json\/wp\/v2\/media?parent=408539"}],"wp:term":[{"taxonomy":"category","embeddable":true,"href":"https:\/\/www.pcnen.com\/portal\/wp-json\/wp\/v2\/categories?post=408539"},{"taxonomy":"post_tag","embeddable":true,"href":"https:\/\/www.pcnen.com\/portal\/wp-json\/wp\/v2\/tags?post=408539"}],"curies":[{"name":"wp","href":"https:\/\/api.w.org\/{rel}","templated":true}]}}