{"id":408467,"date":"2024-07-28T13:15:44","date_gmt":"2024-07-28T11:15:44","guid":{"rendered":"https:\/\/www.pcnen.com\/portal\/?p=408467"},"modified":"2024-07-28T13:15:44","modified_gmt":"2024-07-28T11:15:44","slug":"knezevic-ulazak-srba-u-vladu-cg-znacajan-za-buduce-procese-koji-ce-donijeti-stabilnost","status":"publish","type":"post","link":"https:\/\/www.pcnen.com\/portal\/2024\/07\/28\/knezevic-ulazak-srba-u-vladu-cg-znacajan-za-buduce-procese-koji-ce-donijeti-stabilnost\/","title":{"rendered":"Kne\u017eevi\u0107: Ulazak Srba u vladu CG zna\u010dajan za budu\u0107e procese koji \u0107e donijeti stabilnost"},"content":{"rendered":"<p>Predsjednik Demokratske narodne partije Milan Kne\u017eevi\u0107 izjavio je danas da je ulazak Srba u vladu Milojka Spaji\u0107a vi\u0161estruko zna\u010dajan zbog budu\u0107ih procesa koji Crnoj Gori treba da donesu unutra\u0161nju stabilnost, dodaju\u0107i da ne o\u010dekuje vi\u0161e narativ da Srbi ne mogu da budu dio izvr\u0161ne vlasti.<\/p>\n<p>&#8220;Dugo se u institucionalnim i vaninstitucionalnim krugovima raubovao narativ da Srbi koji su na referendumu 2006. godine glasali za zajedni\u010dku dr\u017eavu, koji ne priznaju Kosovo, koji se zala\u017eu za najbolje odnose sa bratskom Srbijom, za balansiranu spoljnu politiku, ne mogu biti dio izvr\u0161ne vlasti ma koliko glasova osvojili na izborima. Na\u0161im ulaskom u vladu taj koncept je razbijen i uvjeren sam da nikad vi\u0161e ne\u0107e biti dominantan u Crnoj Gori&#8221;, kazao je Kne\u017eevi\u0107 za Ve\u010dernje novosti.<\/p>\n<p>Govore\u0107i o tome da je Zagreb proglasio nepo\u017eeljnima njega, lidera Nove srpske demokratije i predsjednika Skup\u0161tine Crne Gore Andriju Mandi\u0107a i lidera Demokratske Crne Gore Aleksu Be\u010di\u0107a, Kne\u017eevi\u0107 je rekao da je hrvtskim vlastima trebalo gotovo mjesec dana od usvajanja Rezolucije o genocidu u Jasenovcu da tu odluku donesu i to dan nakon \u0161to su Srbi u\u0161li u vladu.<\/p>\n<p>&#8220;Jasno je svakom da ne bi bilo zabrana da nismo u\u0161li u vladu, po\u0161to su to hrvatske vlasti pri\u017eeljkivale, i to na isti na\u010din kao \u0161to su eliminisale svaku mogu\u0107nost da politi\u010dki predstavnici Srba iz Hrvatske budu u vladi&#8221;, ocijenio je Kne\u017eevi\u0107.<\/p>\n<p>Na pitanje \u0161ta je presudilo da ipak glasa za ulazak Bo\u0161nja\u010dke stranke u vladu nakon \u0161to se zakleo da ne\u0107e za to glasati, Kne\u017eevi\u0107 je rekao da mu je predsjednik te stranke Evrin Ibrahimovi\u0107 &#8220;\u010dvrsto dao rije\u010d&#8221; da \u0107e stranka raskinuti koaliciju sa DPS u Bijelom Polju, po dono\u0161enju bud\u017eeta u toj op\u0161tini.<\/p>\n<p>&#8220;U suprotnom, premijer Spaji\u0107 i postoje\u0107a parlamentarna ve\u0107ina \u0107e pokrenuti inicijativu za smjenu ministara iz Bo\u0161nja\u010dke stranke. To je meni bilo dovoljno da glasam za ulazak BS, jer smatram da sam im hri\u0161\u0107anski pru\u017eio priliku da raskrste sa Milovom strankom (DPS Mila \u0110ukanovi\u0107a), a da nisam izdao nijedno svoje uvjerenje, niti pogazio zakletvu&#8221;, kazao je on.<\/p>\n<p>Govore\u0107i o tome da je oslobo\u0111en optu\u017ebi za organizaciju dr\u017eavnog udara, on je naveo da \u0107e sa\u010dekati reakciju tu\u017eila\u0161tva a zatim \u0107e odlu\u010diti da li \u0107e tra\u017eiti od\u0161tetu.<\/p>\n<p>&#8220;Sa\u010deka\u0107u reakciju tu\u017eila\u0161tva kad dobije pisani otpravak presude, jer od toga zavisi da li \u0107e ovaj montirani proces posle osam godina biti okon\u010dan. U svakom slu\u010daju, ne postoji nov\u010dani iznos koji mo\u017ee nadoknaditi golgotu na\u0161u i na\u0161ih porodica&#8221;, rekao je Kne\u017eevi\u0107.<\/p>\n<p>Na pitanje da li vjeruje da se sprema atentat na nekada\u0161njeg crnogorskog predsjednika Mila \u0110ukanovi\u0107a, Kne\u017eevi\u0107 isti\u010de da sve navode koji su se pojavili u medijima treba provjeriti, kako bi se otklonila bilo kakva sumnja i opasnost ne samo za \u0110ukanovi\u0107a ve\u0107 za svakog gra\u0111anina u Crnoj Gori.<\/p>\n","protected":false},"excerpt":{"rendered":"<p>Predsjednik Demokratske narodne partije Milan Kne\u017eevi\u0107 izjavio je danas da je ulazak Srba u vladu Milojka Spaji\u0107a vi\u0161estruko zna\u010dajan zbog budu\u0107ih procesa koji Crnoj Gori treba da donesu unutra\u0161nju stabilnost, dodaju\u0107i da ne o\u010dekuje vi\u0161e narativ da Srbi ne mogu da budu dio izvr\u0161ne vlasti.<\/p>\n","protected":false},"author":1,"featured_media":404644,"comment_status":"open","ping_status":"closed","sticky":false,"template":"","format":"standard","meta":{"_seopress_robots_primary_cat":"none","_seopress_titles_title":"","_seopress_titles_desc":"","_seopress_robots_index":"","_et_pb_use_builder":"","_et_pb_old_content":"","_et_gb_content_width":"","inline_featured_image":false,"footnotes":""},"categories":[14],"tags":[],"class_list":["post-408467","post","type-post","status-publish","format-standard","has-post-thumbnail","hentry","category-vijesti"],"_links":{"self":[{"href":"https:\/\/www.pcnen.com\/portal\/wp-json\/wp\/v2\/posts\/408467","targetHints":{"allow":["GET"]}}],"collection":[{"href":"https:\/\/www.pcnen.com\/portal\/wp-json\/wp\/v2\/posts"}],"about":[{"href":"https:\/\/www.pcnen.com\/portal\/wp-json\/wp\/v2\/types\/post"}],"author":[{"embeddable":true,"href":"https:\/\/www.pcnen.com\/portal\/wp-json\/wp\/v2\/users\/1"}],"replies":[{"embeddable":true,"href":"https:\/\/www.pcnen.com\/portal\/wp-json\/wp\/v2\/comments?post=408467"}],"version-history":[{"count":1,"href":"https:\/\/www.pcnen.com\/portal\/wp-json\/wp\/v2\/posts\/408467\/revisions"}],"predecessor-version":[{"id":408470,"href":"https:\/\/www.pcnen.com\/portal\/wp-json\/wp\/v2\/posts\/408467\/revisions\/408470"}],"wp:featuredmedia":[{"embeddable":true,"href":"https:\/\/www.pcnen.com\/portal\/wp-json\/wp\/v2\/media\/404644"}],"wp:attachment":[{"href":"https:\/\/www.pcnen.com\/portal\/wp-json\/wp\/v2\/media?parent=408467"}],"wp:term":[{"taxonomy":"category","embeddable":true,"href":"https:\/\/www.pcnen.com\/portal\/wp-json\/wp\/v2\/categories?post=408467"},{"taxonomy":"post_tag","embeddable":true,"href":"https:\/\/www.pcnen.com\/portal\/wp-json\/wp\/v2\/tags?post=408467"}],"curies":[{"name":"wp","href":"https:\/\/api.w.org\/{rel}","templated":true}]}}