{"id":408463,"date":"2024-07-28T09:55:11","date_gmt":"2024-07-28T07:55:11","guid":{"rendered":"https:\/\/www.pcnen.com\/portal\/?p=408463"},"modified":"2024-07-28T09:55:11","modified_gmt":"2024-07-28T07:55:11","slug":"mostar-danas-458-skokovi-sa-starog-mosta","status":"publish","type":"post","link":"https:\/\/www.pcnen.com\/portal\/2024\/07\/28\/mostar-danas-458-skokovi-sa-starog-mosta\/","title":{"rendered":"Mostar: Danas 458. skokovi sa Starog mosta"},"content":{"rendered":"<p>Danas u 16 sati u Mostaru \u0107e biti odr\u017eani 458. tradicionalni skokovi sa Starog mosta.<\/p>\n<p>Ove godine \u0107e u\u010destvovati 50 skaka\u010da iz BiH i regije, a skaka\u0107e se na noge i na glavu.<\/p>\n<p>Skokove \u0107e otvoriti Petra Ko\u017eul koja \u0107e izvesti ta\u010dku plesa na svili s luka mosta.<\/p>\n<p>Jedan od glavnih ciljeva posljednjih godina je uvr\u0161tavanje skokova na UNESCO-vu listu za\u0161ti\u0107ene nematerijalne ba\u0161tine.<\/p>\n<p>Organizatori su najavili i otvaranje Muzeja skokova, uz pomo\u0107 Grada Mostara, \u0161to im je savjetovano iz UNESCO-a.<\/p>\n<p>Skokovi datiraju iz vremena gradnje samog mosta, ali prvi skok zabilje\u017een je 1664.<\/p>\n<p>Formalno takmi\u010denje ustanovljeno je 1968. i otad se odr\u017eava svakog ljeta krajem jula.<\/p>\n","protected":false},"excerpt":{"rendered":"<p>Danas u 16 sati u Mostaru \u0107e biti odr\u017eani 458. tradicionalni skokovi sa Starog mosta.<\/p>\n","protected":false},"author":1,"featured_media":297913,"comment_status":"open","ping_status":"closed","sticky":false,"template":"","format":"standard","meta":{"_seopress_robots_primary_cat":"none","_seopress_titles_title":"","_seopress_titles_desc":"","_seopress_robots_index":"","_et_pb_use_builder":"","_et_pb_old_content":"","_et_gb_content_width":"","inline_featured_image":false,"footnotes":""},"categories":[14],"tags":[],"class_list":["post-408463","post","type-post","status-publish","format-standard","has-post-thumbnail","hentry","category-vijesti"],"_links":{"self":[{"href":"https:\/\/www.pcnen.com\/portal\/wp-json\/wp\/v2\/posts\/408463","targetHints":{"allow":["GET"]}}],"collection":[{"href":"https:\/\/www.pcnen.com\/portal\/wp-json\/wp\/v2\/posts"}],"about":[{"href":"https:\/\/www.pcnen.com\/portal\/wp-json\/wp\/v2\/types\/post"}],"author":[{"embeddable":true,"href":"https:\/\/www.pcnen.com\/portal\/wp-json\/wp\/v2\/users\/1"}],"replies":[{"embeddable":true,"href":"https:\/\/www.pcnen.com\/portal\/wp-json\/wp\/v2\/comments?post=408463"}],"version-history":[{"count":1,"href":"https:\/\/www.pcnen.com\/portal\/wp-json\/wp\/v2\/posts\/408463\/revisions"}],"predecessor-version":[{"id":408466,"href":"https:\/\/www.pcnen.com\/portal\/wp-json\/wp\/v2\/posts\/408463\/revisions\/408466"}],"wp:featuredmedia":[{"embeddable":true,"href":"https:\/\/www.pcnen.com\/portal\/wp-json\/wp\/v2\/media\/297913"}],"wp:attachment":[{"href":"https:\/\/www.pcnen.com\/portal\/wp-json\/wp\/v2\/media?parent=408463"}],"wp:term":[{"taxonomy":"category","embeddable":true,"href":"https:\/\/www.pcnen.com\/portal\/wp-json\/wp\/v2\/categories?post=408463"},{"taxonomy":"post_tag","embeddable":true,"href":"https:\/\/www.pcnen.com\/portal\/wp-json\/wp\/v2\/tags?post=408463"}],"curies":[{"name":"wp","href":"https:\/\/api.w.org\/{rel}","templated":true}]}}