{"id":408440,"date":"2024-07-27T21:14:13","date_gmt":"2024-07-27T19:14:13","guid":{"rendered":"https:\/\/www.pcnen.com\/portal\/?p=408440"},"modified":"2024-07-27T21:14:13","modified_gmt":"2024-07-27T19:14:13","slug":"vucic-o-zabrani-ulaska-u-hrvatsku-trojici-cg-politicara","status":"publish","type":"post","link":"https:\/\/www.pcnen.com\/portal\/2024\/07\/27\/vucic-o-zabrani-ulaska-u-hrvatsku-trojici-cg-politicara\/","title":{"rendered":"Vu\u010di\u0107 o zabrani ulaska u Hrvatsku trojici CG politi\u010dara"},"content":{"rendered":"<p>Predsjednik Srbije Aleksandar Vu\u010di\u0107 je kazao danas da ne razumije to \u0161to su se svi ujedinili u za\u0161titi NDH (Nezavisna Dr\u017eava Hrvatska) i za\u0161titi usta\u0161kih zlo\u010dina iz Drugog svjetskog rata i istakao da je Hrvatska upala u sopstvenu zamku pokazuju\u0107i da ne pravi nikakvu razliku u odnosu na NDH i bilo koje druge hrvatske dr\u017eave koja je do sada postojala.<\/p>\n<p>&#8220;Kako ne ka\u017eu po\u010dinili smo zlo\u010din, genocid nad tim Srbima i \u017eao nam je. Ni Piculi ni drugima ni malo nije neprijatno \u0161to se pozivaju na pravni i politi\u010dki kontinuitet iz NDH. Kako vam nije palo na pamet da su time \u0161to su ovim ljudima zabranili ulazak (Andriji Mandi\u0107u, Milanu Kne\u017eevi\u0107u i Aleksi Be\u010di\u0107u) upali u sopstvenu zamku i pokazali da nikakvu razliku ne prave u odnosu na NDH i bilo koju drugu hrvatsku dr\u017eavu koja je postojala&#8221;, rekao je Vu\u010di\u0107 novinarima u Parizu, prenosi agencija Tanjug.<\/p>\n<p>Komentari\u0161u\u0107i izjave biv\u0161eg hrvatskog europarlamentarca Tonina Picule, Vu\u010di\u0107 je rekao da on sada tra\u017ei posao, odnosno koga \u0107e da reketira nakon \u0161to ga napadne.<\/p>\n<p>&#8220;Moj uticaj raste, Tonino Picula ne mo\u017ee da spava. Moj uticaj \u0107e jo\u0161 da raste i on treba da se sjekira&#8221;, rekao je Vu\u010di\u0107.<\/p>\n<p>Picula je ju\u010de rekao da \u0107e Crna Gora \u0107e imati problema na svom putu prema \u010dlanstvu u Europskoj uniji (EU) te da su \u0161ef crnogorskog parlamenta Andrija Mandi\u0107 i lider Demokratske narodne partije (DNP) Milan Kne\u017eevi\u0107 proaktivni u pribli\u017eavanju politici ruskog predsjednika Vladimira Putina i Vu\u010di\u0107a.<\/p>\n<p>Hrvatska je prekju\u010de proglasila personama non grata \u0161efa crnogorskog parlamenta Andriju Mandi\u0107a, potpredsjednika Vlade Aleksu Be\u010di\u0107a i lidera Demokratske narodne partije (DNP) Milana Kne\u017eevi\u0107a zbog &#8220;sistemskog djelovanja na naru\u0161avanju dobrosusjedskih odnosa s Republikom Hrvatskom i kontinuiranog zloupotrebljavanja Republike Hrvatske u unutra\u0161nje politi\u010dke svrhe&#8221;, aludiraju\u0107i time na odluku Skup\u0161tine Crne Gore da usvoji krajem juna Rezoluciju o genocidu u Jasenovcu i logorima Dahau i Mauthauzen.<\/p>\n<blockquote class=\"wp-embedded-content\" data-secret=\"XS7VOjIbNL\"><p><a href=\"https:\/\/www.pcnen.com\/portal\/2024\/07\/27\/hrvatska-moze-zabraniti-mandicu-becicu-i-knezevicu-ulazak-u-drzave-sengena\/\">Hrvatska mo\u017ee zabraniti Mandi\u0107u, Be\u010di\u0107u i Kne\u017eevi\u0107u ulazak u dr\u017eave \u0160engena<\/a><\/p><\/blockquote>\n<p><iframe loading=\"lazy\" class=\"wp-embedded-content\" sandbox=\"allow-scripts\" security=\"restricted\" style=\"position: absolute; visibility: hidden;\" title=\"&#8220;Hrvatska mo\u017ee zabraniti Mandi\u0107u, Be\u010di\u0107u i Kne\u017eevi\u0107u ulazak u dr\u017eave \u0160engena&#8221; &#8212; PCNEN\" src=\"https:\/\/www.pcnen.com\/portal\/2024\/07\/27\/hrvatska-moze-zabraniti-mandicu-becicu-i-knezevicu-ulazak-u-drzave-sengena\/embed\/#?secret=9pBpkIzJlW#?secret=XS7VOjIbNL\" data-secret=\"XS7VOjIbNL\" width=\"600\" height=\"338\" frameborder=\"0\" marginwidth=\"0\" marginheight=\"0\" scrolling=\"no\"><\/iframe><\/p>\n","protected":false},"excerpt":{"rendered":"<p>Predsjednik Srbije Aleksandar Vu\u010di\u0107 je kazao danas da ne razumije to \u0161to su se svi ujedinili u za\u0161titi NDH (Nezavisna Dr\u017eava Hrvatska) i za\u0161titi usta\u0161kih zlo\u010dina iz Drugog svjetskog rata i istakao da je Hrvatska upala u sopstvenu zamku pokazuju\u0107i da ne pravi nikakvu razliku u odnosu na NDH i bilo koje druge hrvatske dr\u017eave koja je do sada postojala.<\/p>\n","protected":false},"author":1,"featured_media":351137,"comment_status":"open","ping_status":"closed","sticky":false,"template":"","format":"standard","meta":{"_seopress_robots_primary_cat":"none","_seopress_titles_title":"","_seopress_titles_desc":"","_seopress_robots_index":"","_et_pb_use_builder":"","_et_pb_old_content":"","_et_gb_content_width":"","inline_featured_image":false,"footnotes":""},"categories":[14],"tags":[],"class_list":["post-408440","post","type-post","status-publish","format-standard","has-post-thumbnail","hentry","category-vijesti"],"_links":{"self":[{"href":"https:\/\/www.pcnen.com\/portal\/wp-json\/wp\/v2\/posts\/408440","targetHints":{"allow":["GET"]}}],"collection":[{"href":"https:\/\/www.pcnen.com\/portal\/wp-json\/wp\/v2\/posts"}],"about":[{"href":"https:\/\/www.pcnen.com\/portal\/wp-json\/wp\/v2\/types\/post"}],"author":[{"embeddable":true,"href":"https:\/\/www.pcnen.com\/portal\/wp-json\/wp\/v2\/users\/1"}],"replies":[{"embeddable":true,"href":"https:\/\/www.pcnen.com\/portal\/wp-json\/wp\/v2\/comments?post=408440"}],"version-history":[{"count":1,"href":"https:\/\/www.pcnen.com\/portal\/wp-json\/wp\/v2\/posts\/408440\/revisions"}],"predecessor-version":[{"id":408443,"href":"https:\/\/www.pcnen.com\/portal\/wp-json\/wp\/v2\/posts\/408440\/revisions\/408443"}],"wp:featuredmedia":[{"embeddable":true,"href":"https:\/\/www.pcnen.com\/portal\/wp-json\/wp\/v2\/media\/351137"}],"wp:attachment":[{"href":"https:\/\/www.pcnen.com\/portal\/wp-json\/wp\/v2\/media?parent=408440"}],"wp:term":[{"taxonomy":"category","embeddable":true,"href":"https:\/\/www.pcnen.com\/portal\/wp-json\/wp\/v2\/categories?post=408440"},{"taxonomy":"post_tag","embeddable":true,"href":"https:\/\/www.pcnen.com\/portal\/wp-json\/wp\/v2\/tags?post=408440"}],"curies":[{"name":"wp","href":"https:\/\/api.w.org\/{rel}","templated":true}]}}