{"id":408427,"date":"2024-07-27T18:25:53","date_gmt":"2024-07-27T16:25:53","guid":{"rendered":"https:\/\/www.pcnen.com\/portal\/?p=408427"},"modified":"2024-07-27T18:25:53","modified_gmt":"2024-07-27T16:25:53","slug":"hrvatska-moze-zabraniti-mandicu-becicu-i-knezevicu-ulazak-u-drzave-sengena","status":"publish","type":"post","link":"https:\/\/www.pcnen.com\/portal\/2024\/07\/27\/hrvatska-moze-zabraniti-mandicu-becicu-i-knezevicu-ulazak-u-drzave-sengena\/","title":{"rendered":"Hrvatska mo\u017ee zabraniti Mandi\u0107u, Be\u010di\u0107u i Kne\u017eevi\u0107u ulazak u dr\u017eave \u0160engena"},"content":{"rendered":"<p>Portparol hrvatskog Ministarstva vanjskih i evropskih poslova (MVEP) Tomislav Lendi\u0107 saop\u0161tio je da Hrvatska ima mogu\u0107nost da zabranu ulaska Andriji Mandi\u0107u, Milanu Kne\u017eevi\u0107u i Aleksi Be\u010di\u0107u pro\u0161iri na sve zemlje \u0160engenskog prostora.<\/p>\n<p>Lendi\u0107 je za hrvatsku Novu TV rekao da se u ovom trenutku zabrana ulaska odnosi na teritoriju Hrvatske.<\/p>\n<p>&#8220;No mi imamo mogu\u0107nost, ukoliko to procijenimo oportunim, da tu zabranu pro\u0161irimo na sve zemlje \u0160engenskog prostora&#8221;, rekao je Lendi\u0107.<\/p>\n<p>Lendi\u0107 ka\u017ee da \u0107e pratiti razvoj situacije, te da su Mandi\u0107, Kne\u017eevi\u0107 i Be\u010di\u0107 u sistemu nadzora granice, a mjera je neograni\u010denog trajanja dok se ne odlu\u010di druga\u010dije.<\/p>\n<p>Na pitanje, \u0161ta ako Mandi\u0107, Kne\u017eevi\u0107 i Be\u010di\u0107 poku\u0161aju da u\u0111u u Hrvatsku iz druge dr\u017eave Evropske unije (EU), Lendi\u0107 je odgovorio: &#8220;Ako bi poku\u0161ali tako ne\u0161to iz zemalja \u0160engenskog prostora, u toj situaciji oni dolaze u potpuno ilegalan ulazak u Republiku Hrvatsku, dolaze pod udar Zakona o strancima i jasno je da se to nikome ne bi preporu\u010dilo.&#8221;<\/p>\n<p>Hrvatska je proglasila personama non grata \u0161efa crnogorskog parlamenta Andriju Mandi\u0107a, potpredsjednika Vlade Aleksu Be\u010di\u0107a i lidera Demokratske narodne partije (DNP) Milana Kne\u017eevi\u0107a zbog &#8220;sistemskog djelovanja na naru\u0161avanju dobrosusjedskih odnosa s Republikom Hrvatskom i kontinuiranog zloupotrebljavanja Republike Hrvatske u unutra\u0161nje politi\u010dke svrhe&#8221;, aludiraju\u0107i time na odluku Skup\u0161tine Crne Gore da usvoji krajem juna Rezoluciju o genocidu u Jasenovcu i logorima Dahau i Mauthauzen.<\/p>\n<blockquote class=\"wp-embedded-content\" data-secret=\"Vyg3hVztgB\"><p><a href=\"https:\/\/www.pcnen.com\/portal\/2024\/07\/25\/hrvatsko-mvep-proglasilo-mandica-knezevica-i-becica-personama-non-grata\/\">Hrvatsko MVEP proglasilo Mandi\u0107a, Kne\u017eevi\u0107a i Be\u010di\u0107a personama non grata<\/a><\/p><\/blockquote>\n<p><iframe loading=\"lazy\" class=\"wp-embedded-content\" sandbox=\"allow-scripts\" security=\"restricted\" style=\"position: absolute; visibility: hidden;\" title=\"&#8220;Hrvatsko MVEP proglasilo Mandi\u0107a, Kne\u017eevi\u0107a i Be\u010di\u0107a personama non grata&#8221; &#8212; PCNEN\" src=\"https:\/\/www.pcnen.com\/portal\/2024\/07\/25\/hrvatsko-mvep-proglasilo-mandica-knezevica-i-becica-personama-non-grata\/embed\/#?secret=xHVIeNhX2e#?secret=Vyg3hVztgB\" data-secret=\"Vyg3hVztgB\" width=\"600\" height=\"338\" frameborder=\"0\" marginwidth=\"0\" marginheight=\"0\" scrolling=\"no\"><\/iframe><\/p>\n","protected":false},"excerpt":{"rendered":"<p>Portparol hrvatskog Ministarstva vanjskih i evropskih poslova (MVEP) Tomislav Lendi\u0107 saop\u0161tio je da Hrvatska ima mogu\u0107nost da zabranu ulaska Andriji Mandi\u0107u, Milanu Kne\u017eevi\u0107u i Aleksi Be\u010di\u0107u pro\u0161iri na sve zemlje \u0160engenskog prostora.<\/p>\n","protected":false},"author":1,"featured_media":408430,"comment_status":"open","ping_status":"closed","sticky":false,"template":"","format":"standard","meta":{"_seopress_robots_primary_cat":"none","_seopress_titles_title":"","_seopress_titles_desc":"","_seopress_robots_index":"","_et_pb_use_builder":"","_et_pb_old_content":"","_et_gb_content_width":"","inline_featured_image":false,"footnotes":""},"categories":[14],"tags":[],"class_list":["post-408427","post","type-post","status-publish","format-standard","has-post-thumbnail","hentry","category-vijesti"],"_links":{"self":[{"href":"https:\/\/www.pcnen.com\/portal\/wp-json\/wp\/v2\/posts\/408427","targetHints":{"allow":["GET"]}}],"collection":[{"href":"https:\/\/www.pcnen.com\/portal\/wp-json\/wp\/v2\/posts"}],"about":[{"href":"https:\/\/www.pcnen.com\/portal\/wp-json\/wp\/v2\/types\/post"}],"author":[{"embeddable":true,"href":"https:\/\/www.pcnen.com\/portal\/wp-json\/wp\/v2\/users\/1"}],"replies":[{"embeddable":true,"href":"https:\/\/www.pcnen.com\/portal\/wp-json\/wp\/v2\/comments?post=408427"}],"version-history":[{"count":1,"href":"https:\/\/www.pcnen.com\/portal\/wp-json\/wp\/v2\/posts\/408427\/revisions"}],"predecessor-version":[{"id":408431,"href":"https:\/\/www.pcnen.com\/portal\/wp-json\/wp\/v2\/posts\/408427\/revisions\/408431"}],"wp:featuredmedia":[{"embeddable":true,"href":"https:\/\/www.pcnen.com\/portal\/wp-json\/wp\/v2\/media\/408430"}],"wp:attachment":[{"href":"https:\/\/www.pcnen.com\/portal\/wp-json\/wp\/v2\/media?parent=408427"}],"wp:term":[{"taxonomy":"category","embeddable":true,"href":"https:\/\/www.pcnen.com\/portal\/wp-json\/wp\/v2\/categories?post=408427"},{"taxonomy":"post_tag","embeddable":true,"href":"https:\/\/www.pcnen.com\/portal\/wp-json\/wp\/v2\/tags?post=408427"}],"curies":[{"name":"wp","href":"https:\/\/api.w.org\/{rel}","templated":true}]}}