{"id":408423,"date":"2024-07-27T15:59:52","date_gmt":"2024-07-27T13:59:52","guid":{"rendered":"https:\/\/www.pcnen.com\/portal\/?p=408423"},"modified":"2024-07-27T15:59:52","modified_gmt":"2024-07-27T13:59:52","slug":"sjutra-dvocasovna-blokada-tunela-sozina","status":"publish","type":"post","link":"https:\/\/www.pcnen.com\/portal\/2024\/07\/27\/sjutra-dvocasovna-blokada-tunela-sozina\/","title":{"rendered":"Sjutra dvo\u010dasovna blokada tunela Sozina"},"content":{"rendered":"<p>Dio stanovnika Crmnice, Virpazara i okolnih sela sjutra \u0107e ponovo blokirati tunel Sozina od 18.30 do 20.30 \u010dasova, saznaju Vijesti.<\/p>\n<p>Novim protestom pozivaju Op\u0161tinu Bar i Vladu Crne Gore da se hitno i kvalitetno posvete rje\u0161avanju njihovih problema.<\/p>\n<p>Oni su pozvali sve osim politi\u010dara da im se pridru\u017ee. Kazali su da su sa kompanijom &#8220;Monteput&#8221; odr\u017eali novi sastanak, na kojem je zaklju\u010deno da se hitno dostave i preciziraju svi uslovi za povlastice i osloba\u0111anje pla\u0107anja putarine za tunel Sozina.<\/p>\n<p>&#8220;S druge strane ostaje klju\u010dno pitanje na koji na\u010din \u0107e to biti pravno formulisano i obavezuju\u0107e, a kako ka\u017eu za njih je samo to, uz usvajanje izmjena i dopuna zakona o putevima, trajno rje\u0161enje i jedina prihvatljiva opcija&#8221;, poru\u010dili su predstavnici organizatora protesta.<\/p>\n<p>Oni se nadaju da \u0107e na skup\u0161tinskom zasijedanju u najskorojem roku biti nastavljena ta\u010dka dnevnog reda u vezi predloga dopune Zakona o putevima i da \u0107e svi poslanici podr\u017eati ovo zakonsko rje\u0161enje. Dok su neki na raspravi vrlo jasno iskazali svoj stav, podr\u0161ku i namjeru da na kraju i glasaju za usvajanje izmjena i dopuna zakona, drugi su imali nejasan ili negativan stav prema ovom pitanju ili se nisu ni pojavili na raspravi, te o\u010dekuju da se javno odrede i izjasne, istakli su.<\/p>\n<p>&#8220;S obzirom da uvijek po\u010dinjemo od sebe, posebno apelujemo na Op\u0161tinu Bar, gdje i nakon vi\u0161e mjeseci nismo pozvani na sastanak kako bi nam se dala stvarna podr\u0161ka, savjeti, pravna pomo\u0107 i ostalo \u0161to bi u stvari trebalo da predstavlja dokaz o brizi za lokalno stanovni\u0161tvo, posebno ono iz ruralnih podru\u010dija, a jo\u0161 posebnije kada je u pitanju Crmnica koja je dala mnogo i Baru i cijeloj Crnoj Gori&#8221;, kazali su Crmni\u010dani.<\/p>\n<p>Oni su se zahvalili novinarima koji su im pru\u017eili mogu\u0107nost da upoznaju javnost sa dijelom nagomilanih problema u Crmnici, i \u0161to nijesu zloupotrijebili njihovo neiskustvo u medijskom prostoru ve\u0107 im pristupili sa posebnom pa\u017enjom.<\/p>\n<p>Pozdravili su i pripadnike MUP-a za koje su kazali da su od prvog dana vrlo profesionalno i sa posebnom pa\u017enjom pristupali organizaciji i obezbje\u0111ivanju njihovog okupljanja.<\/p>\n<p>&#8220;Zato jo\u0161 jednom pozivamo sve na\u0161e Crmni\u010dane, kom\u0161ije iz Ostrosa, Krajine i \u0160estana, kao i sve ljude dobre volje da nam se pridru\u017ee u nedjelju 28. jula u periodu od 18:30 do 20:30, a kojima \u0107emo se zahvaliti sa porukom &#8211; mladosti se nanosili i sre\u0107a vam \u017eivjela&#8221;, zaklju\u010dili su.<\/p>\n","protected":false},"excerpt":{"rendered":"<p>Dio stanovnika Crmnice, Virpazara i okolnih sela sjutra \u0107e ponovo blokirati tunel Sozina od 18.30 do 20.30 \u010dasova, saznaju Vijesti. <\/p>\n","protected":false},"author":1,"featured_media":407750,"comment_status":"open","ping_status":"closed","sticky":false,"template":"","format":"standard","meta":{"_seopress_robots_primary_cat":"none","_seopress_titles_title":"","_seopress_titles_desc":"","_seopress_robots_index":"","_et_pb_use_builder":"","_et_pb_old_content":"","_et_gb_content_width":"","inline_featured_image":false,"footnotes":""},"categories":[14],"tags":[],"class_list":["post-408423","post","type-post","status-publish","format-standard","has-post-thumbnail","hentry","category-vijesti"],"_links":{"self":[{"href":"https:\/\/www.pcnen.com\/portal\/wp-json\/wp\/v2\/posts\/408423","targetHints":{"allow":["GET"]}}],"collection":[{"href":"https:\/\/www.pcnen.com\/portal\/wp-json\/wp\/v2\/posts"}],"about":[{"href":"https:\/\/www.pcnen.com\/portal\/wp-json\/wp\/v2\/types\/post"}],"author":[{"embeddable":true,"href":"https:\/\/www.pcnen.com\/portal\/wp-json\/wp\/v2\/users\/1"}],"replies":[{"embeddable":true,"href":"https:\/\/www.pcnen.com\/portal\/wp-json\/wp\/v2\/comments?post=408423"}],"version-history":[{"count":1,"href":"https:\/\/www.pcnen.com\/portal\/wp-json\/wp\/v2\/posts\/408423\/revisions"}],"predecessor-version":[{"id":408426,"href":"https:\/\/www.pcnen.com\/portal\/wp-json\/wp\/v2\/posts\/408423\/revisions\/408426"}],"wp:featuredmedia":[{"embeddable":true,"href":"https:\/\/www.pcnen.com\/portal\/wp-json\/wp\/v2\/media\/407750"}],"wp:attachment":[{"href":"https:\/\/www.pcnen.com\/portal\/wp-json\/wp\/v2\/media?parent=408423"}],"wp:term":[{"taxonomy":"category","embeddable":true,"href":"https:\/\/www.pcnen.com\/portal\/wp-json\/wp\/v2\/categories?post=408423"},{"taxonomy":"post_tag","embeddable":true,"href":"https:\/\/www.pcnen.com\/portal\/wp-json\/wp\/v2\/tags?post=408423"}],"curies":[{"name":"wp","href":"https:\/\/api.w.org\/{rel}","templated":true}]}}