{"id":408405,"date":"2024-07-27T11:05:46","date_gmt":"2024-07-27T09:05:46","guid":{"rendered":"https:\/\/www.pcnen.com\/portal\/?p=408405"},"modified":"2024-07-27T11:05:46","modified_gmt":"2024-07-27T09:05:46","slug":"patrijarh-porfirije-u-crnoj-gori","status":"publish","type":"post","link":"https:\/\/www.pcnen.com\/portal\/2024\/07\/27\/patrijarh-porfirije-u-crnoj-gori\/","title":{"rendered":"Patrijarh Porfirije u Crnoj Gori"},"content":{"rendered":"<p>Patrijarh \u0107e ve\u010deras biti sve\u010dano do\u010dekan u manastiru \u0110ur\u0111evi stupovi u Beranu, a u nedjelju \u0107e u selu Velika kod Plava, slu\u017eiti Svetu arhijerejsku liturgiju povodom 80 godina od stradanja svetih mu\u010denika velikih i gornjepolimskih.<\/p>\n<p>Genocid u selu Velika u op\u0161tini Plav po\u010dinile su nacisti\u010dke vojne formacije i trupe SS &#8220;Skenderbeg&#8221; u drugoj polovini 1944. godine, pred kraj rata.<\/p>\n","protected":false},"excerpt":{"rendered":"<p>Patrijarh \u0107e ve\u010deras biti sve\u010dano do\u010dekan u manastiru \u0110ur\u0111evi stupovi u Beranu, a u nedjelju \u0107e u selu Velika kod Plava, slu\u017eiti Svetu arhijerejsku liturgiju povodom 80 godina od stradanja svetih mu\u010denika velikih i gornjepolimskih.<\/p>\n","protected":false},"author":1,"featured_media":344324,"comment_status":"open","ping_status":"closed","sticky":false,"template":"","format":"standard","meta":{"_seopress_robots_primary_cat":"none","_seopress_titles_title":"","_seopress_titles_desc":"","_seopress_robots_index":"","_et_pb_use_builder":"","_et_pb_old_content":"","_et_gb_content_width":"","inline_featured_image":false,"footnotes":""},"categories":[14],"tags":[],"class_list":["post-408405","post","type-post","status-publish","format-standard","has-post-thumbnail","hentry","category-vijesti"],"_links":{"self":[{"href":"https:\/\/www.pcnen.com\/portal\/wp-json\/wp\/v2\/posts\/408405","targetHints":{"allow":["GET"]}}],"collection":[{"href":"https:\/\/www.pcnen.com\/portal\/wp-json\/wp\/v2\/posts"}],"about":[{"href":"https:\/\/www.pcnen.com\/portal\/wp-json\/wp\/v2\/types\/post"}],"author":[{"embeddable":true,"href":"https:\/\/www.pcnen.com\/portal\/wp-json\/wp\/v2\/users\/1"}],"replies":[{"embeddable":true,"href":"https:\/\/www.pcnen.com\/portal\/wp-json\/wp\/v2\/comments?post=408405"}],"version-history":[{"count":1,"href":"https:\/\/www.pcnen.com\/portal\/wp-json\/wp\/v2\/posts\/408405\/revisions"}],"predecessor-version":[{"id":408408,"href":"https:\/\/www.pcnen.com\/portal\/wp-json\/wp\/v2\/posts\/408405\/revisions\/408408"}],"wp:featuredmedia":[{"embeddable":true,"href":"https:\/\/www.pcnen.com\/portal\/wp-json\/wp\/v2\/media\/344324"}],"wp:attachment":[{"href":"https:\/\/www.pcnen.com\/portal\/wp-json\/wp\/v2\/media?parent=408405"}],"wp:term":[{"taxonomy":"category","embeddable":true,"href":"https:\/\/www.pcnen.com\/portal\/wp-json\/wp\/v2\/categories?post=408405"},{"taxonomy":"post_tag","embeddable":true,"href":"https:\/\/www.pcnen.com\/portal\/wp-json\/wp\/v2\/tags?post=408405"}],"curies":[{"name":"wp","href":"https:\/\/api.w.org\/{rel}","templated":true}]}}