{"id":408388,"date":"2024-07-27T09:57:04","date_gmt":"2024-07-27T07:57:04","guid":{"rendered":"https:\/\/www.pcnen.com\/portal\/?p=408388"},"modified":"2024-07-27T09:57:04","modified_gmt":"2024-07-27T07:57:04","slug":"the-base-iz-sad-na-listi-teroristickih-organizacija-u-eu","status":"publish","type":"post","link":"https:\/\/www.pcnen.com\/portal\/2024\/07\/27\/the-base-iz-sad-na-listi-teroristickih-organizacija-u-eu\/","title":{"rendered":"The Base iz SAD na listi teroristi\u010dkih organizacija u EU"},"content":{"rendered":"<p>Evropski savjet (ES) je ju\u010de saop\u0161tio da je na listu teroristi\u010dkih organizacija u EU uvrstilo neonacisti\u010dki pokret The Base sa sjedi\u0161tem u SAD.<\/p>\n<p>\u201cThe Base je organizacija koju je osnovao Rinaldo Nazaro 2018. godine i okuplja desni\u010darske ekstremiste umije\u0161ane u teroristi\u010dke akte\u201d, navodi ES, prenose agencije.<\/p>\n<p>ES je tako\u0111e obnovilo spisak osoba, grupa i subjekata koji podlije\u017eu restriktivnim mjerama u borbi protiv terorizma. Lista trenutno broji 15 osoba i 22 grupe.<\/p>\n","protected":false},"excerpt":{"rendered":"<p>Evropski savjet (ES) je ju\u010de saop\u0161tio da je na listu teroristi\u010dkih organizacija u EU uvrstilo neonacisti\u010dki pokret The Base sa sjedi\u0161tem u SAD<\/p>\n","protected":false},"author":1,"featured_media":284065,"comment_status":"open","ping_status":"closed","sticky":false,"template":"","format":"standard","meta":{"_seopress_robots_primary_cat":"none","_seopress_titles_title":"","_seopress_titles_desc":"","_seopress_robots_index":"","_et_pb_use_builder":"","_et_pb_old_content":"","_et_gb_content_width":"","inline_featured_image":false,"footnotes":""},"categories":[14],"tags":[],"class_list":["post-408388","post","type-post","status-publish","format-standard","has-post-thumbnail","hentry","category-vijesti"],"_links":{"self":[{"href":"https:\/\/www.pcnen.com\/portal\/wp-json\/wp\/v2\/posts\/408388","targetHints":{"allow":["GET"]}}],"collection":[{"href":"https:\/\/www.pcnen.com\/portal\/wp-json\/wp\/v2\/posts"}],"about":[{"href":"https:\/\/www.pcnen.com\/portal\/wp-json\/wp\/v2\/types\/post"}],"author":[{"embeddable":true,"href":"https:\/\/www.pcnen.com\/portal\/wp-json\/wp\/v2\/users\/1"}],"replies":[{"embeddable":true,"href":"https:\/\/www.pcnen.com\/portal\/wp-json\/wp\/v2\/comments?post=408388"}],"version-history":[{"count":1,"href":"https:\/\/www.pcnen.com\/portal\/wp-json\/wp\/v2\/posts\/408388\/revisions"}],"predecessor-version":[{"id":408391,"href":"https:\/\/www.pcnen.com\/portal\/wp-json\/wp\/v2\/posts\/408388\/revisions\/408391"}],"wp:featuredmedia":[{"embeddable":true,"href":"https:\/\/www.pcnen.com\/portal\/wp-json\/wp\/v2\/media\/284065"}],"wp:attachment":[{"href":"https:\/\/www.pcnen.com\/portal\/wp-json\/wp\/v2\/media?parent=408388"}],"wp:term":[{"taxonomy":"category","embeddable":true,"href":"https:\/\/www.pcnen.com\/portal\/wp-json\/wp\/v2\/categories?post=408388"},{"taxonomy":"post_tag","embeddable":true,"href":"https:\/\/www.pcnen.com\/portal\/wp-json\/wp\/v2\/tags?post=408388"}],"curies":[{"name":"wp","href":"https:\/\/api.w.org\/{rel}","templated":true}]}}