{"id":408359,"date":"2024-07-26T18:38:12","date_gmt":"2024-07-26T16:38:12","guid":{"rendered":"https:\/\/www.pcnen.com\/portal\/?p=408359"},"modified":"2024-07-26T18:38:12","modified_gmt":"2024-07-26T16:38:12","slug":"njemacko-ministarstvo-vanjskih-poslova-sabotiralo-asanzovu-odbranu","status":"publish","type":"post","link":"https:\/\/www.pcnen.com\/portal\/2024\/07\/26\/njemacko-ministarstvo-vanjskih-poslova-sabotiralo-asanzovu-odbranu\/","title":{"rendered":"Njema\u010dko ministarstvo vanjskih poslova sabotiralo Asan\u017eovu odbranu"},"content":{"rendered":"<p>Dokumenti otkrivaju kako je njema\u010dko Ministarstvo vanjskih poslova na \u010dijem \u010delu Analena Berbok sabotiralo odbranu zatvorenog osniva\u010da Vikiliksa D\u017eulijana Asan\u017ea, objavil je njegova supruga Stale Asan\u017e.<\/p>\n<p>Asan\u017e je nedavno oslobo\u0111en iz zloglasnog londonskog zatvora nakon \u0161eo se izjasnio krivim za kr\u0161enje ameri\u010dkog zakona o \u0161pijuna\u017ei, u nagodbi s pravosu\u0111em SAD kojom je okon\u010dana dugogodi\u0161nja pravna bitka.<\/p>\n<blockquote class=\"twitter-tweet\">\n<p dir=\"ltr\" lang=\"en\">Documents reveal how Foreign Minister Baerbock\u2019s department sabotaged the defense of imprisoned journalist Julian Assange <a href=\"https:\/\/twitter.com\/berlinerzeitung?ref_src=twsrc%5Etfw\">@berlinerzeitung<\/a> <a href=\"https:\/\/t.co\/w2v1dxrqYz\">https:\/\/t.co\/w2v1dxrqYz<\/a><\/p>\n<p>\u2014 Stella Assange (@Stella_Assange) <a href=\"https:\/\/twitter.com\/Stella_Assange\/status\/1816788271097139275?ref_src=twsrc%5Etfw\">July 26, 2024<\/a><\/p><\/blockquote>\n<p><script async src=\"https:\/\/platform.twitter.com\/widgets.js\" charset=\"utf-8\"><\/script><\/p>\n<blockquote class=\"wp-embedded-content\" data-secret=\"EzqfQlw5Jo\"><p><a href=\"https:\/\/www.pcnen.com\/portal\/2024\/06\/26\/asanz-na-slobodi-nakon-nagodbe-o-priznanju-krivice\/\">Asan\u017e na slobodi nakon nagodbe o priznanju krivice<\/a><\/p><\/blockquote>\n<p><iframe loading=\"lazy\" class=\"wp-embedded-content\" sandbox=\"allow-scripts\" security=\"restricted\" style=\"position: absolute; visibility: hidden;\" title=\"&#8220;Asan\u017e na slobodi nakon nagodbe o priznanju krivice&#8221; &#8212; PCNEN\" src=\"https:\/\/www.pcnen.com\/portal\/2024\/06\/26\/asanz-na-slobodi-nakon-nagodbe-o-priznanju-krivice\/embed\/#?secret=3LcE5jkWbS#?secret=EzqfQlw5Jo\" data-secret=\"EzqfQlw5Jo\" width=\"600\" height=\"338\" frameborder=\"0\" marginwidth=\"0\" marginheight=\"0\" scrolling=\"no\"><\/iframe><\/p>\n","protected":false},"excerpt":{"rendered":"<p>Dokumenti otkrivaju kako je njema\u010dko Ministarstvo vanjskih poslova na \u010dijem \u010delu Analena Berbok sabotiralo odbranu zatvorenog osniva\u010da Vikiliksa D\u017eulijana Asan\u017ea, objavil je njegova supruga Stale Asan\u017e. Asan\u017e je nedavno oslobo\u0111en iz zloglasnog londonskog zatvora nakon \u0161eo se izjasnio krivim za kr\u0161enje ameri\u010dkog zakona o \u0161pijuna\u017ei, u nagodbi s pravosu\u0111em SAD kojom je okon\u010dana dugogodi\u0161nja pravna [&hellip;]<\/p>\n","protected":false},"author":1,"featured_media":395196,"comment_status":"open","ping_status":"closed","sticky":false,"template":"","format":"standard","meta":{"_seopress_robots_primary_cat":"none","_seopress_titles_title":"","_seopress_titles_desc":"","_seopress_robots_index":"","_et_pb_use_builder":"","_et_pb_old_content":"","_et_gb_content_width":"","inline_featured_image":false,"footnotes":""},"categories":[14],"tags":[],"class_list":["post-408359","post","type-post","status-publish","format-standard","has-post-thumbnail","hentry","category-vijesti"],"_links":{"self":[{"href":"https:\/\/www.pcnen.com\/portal\/wp-json\/wp\/v2\/posts\/408359","targetHints":{"allow":["GET"]}}],"collection":[{"href":"https:\/\/www.pcnen.com\/portal\/wp-json\/wp\/v2\/posts"}],"about":[{"href":"https:\/\/www.pcnen.com\/portal\/wp-json\/wp\/v2\/types\/post"}],"author":[{"embeddable":true,"href":"https:\/\/www.pcnen.com\/portal\/wp-json\/wp\/v2\/users\/1"}],"replies":[{"embeddable":true,"href":"https:\/\/www.pcnen.com\/portal\/wp-json\/wp\/v2\/comments?post=408359"}],"version-history":[{"count":1,"href":"https:\/\/www.pcnen.com\/portal\/wp-json\/wp\/v2\/posts\/408359\/revisions"}],"predecessor-version":[{"id":408362,"href":"https:\/\/www.pcnen.com\/portal\/wp-json\/wp\/v2\/posts\/408359\/revisions\/408362"}],"wp:featuredmedia":[{"embeddable":true,"href":"https:\/\/www.pcnen.com\/portal\/wp-json\/wp\/v2\/media\/395196"}],"wp:attachment":[{"href":"https:\/\/www.pcnen.com\/portal\/wp-json\/wp\/v2\/media?parent=408359"}],"wp:term":[{"taxonomy":"category","embeddable":true,"href":"https:\/\/www.pcnen.com\/portal\/wp-json\/wp\/v2\/categories?post=408359"},{"taxonomy":"post_tag","embeddable":true,"href":"https:\/\/www.pcnen.com\/portal\/wp-json\/wp\/v2\/tags?post=408359"}],"curies":[{"name":"wp","href":"https:\/\/api.w.org\/{rel}","templated":true}]}}