{"id":408349,"date":"2024-07-26T16:25:47","date_gmt":"2024-07-26T14:25:47","guid":{"rendered":"https:\/\/www.pcnen.com\/portal\/?p=408349"},"modified":"2024-07-26T16:30:40","modified_gmt":"2024-07-26T14:30:40","slug":"picula-crna-gora-ce-imati-problema-na-putu-prema-clanstvu-u-eu-video","status":"publish","type":"post","link":"https:\/\/www.pcnen.com\/portal\/2024\/07\/26\/picula-crna-gora-ce-imati-problema-na-putu-prema-clanstvu-u-eu-video\/","title":{"rendered":"Picula: Crna Gora \u0107e imati problema na putu prema \u010dlanstvu u EU (video)"},"content":{"rendered":"<p>Poslanik Evropskog parlamenta Tonino Picula komentarisao je situaciju u kojoj crnogorski politi\u010dari Andrija Mandi\u0107, Milan Kne\u017eevi\u0107 i Aleksa Be\u010di\u0107 nisu po\u017eeljni u Hrvatskoj.<\/p>\n<p>Ministarstvo vanjskih i evropskih poslova Republike Hrvatske u \u010detvrtak je notom koja je upu\u0107ena Ambasadi Crne Gore u Zagrebu, obavijestilo Crnu Goru da je Republika Hrvatska proglasila Andriju Mandi\u0107a, predsjednika Skup\u0161tine Crne Gore, Milana Kne\u017eevi\u0107a, zastupnika u Skup\u0161tini Crne Gore te Aleksu Be\u010di\u0107a, potpredsjednika Vlade Crne Gore, nepo\u017eeljnima u Republici Hrvatskoj zbog sistemskog djelovanja na naru\u0161avanju dobrosusjedskih odnosa s Republikom Hrvatskom i kontinuiranog zloupotrebljavanja Republike Hrvatske u unutarnje politi\u010dke svrhe.<\/p>\n<p>\u201cMandi\u0107 i Kne\u017eevi\u0107 su nositelji razli\u010ditih politi\u010dkih inicijativa koje su ve\u0107 godinama na tragu negiranja crnogorske dr\u017eavnosti i nacije. S druge strane, proaktivni su u pribli\u017eavanju politici ruskog predsjednika Putina i predsjednika Srbije Aleksandra Vu\u010di\u0107a. Bili su i optu\u017eeni da su na dan izbora 2016. godine bili organizatori poku\u0161aja dr\u017eavnog udara i za to su bili i osu\u0111eni\u201d, objasnio je Picula, prenosi N1.<\/p>\n<p>\u201cKne\u017eevi\u0107 je spomenuo da je njegov djed poginuo u borbi za osloba\u0111anje Karlovca na \u0110ur\u0111evdan 1945. godine, \u0161to je 28. juna. \u010cudno je da je Karlovac trebalo osloba\u0111ati nakon Berlina koji je pao krajem. U cijeloj ovoj pri\u010di je puno toga konfuzno\u201d, dodao je.<\/p>\n<p>Trenutnu crnogorsku politiku je opisao kao \u201cmimikriju i provokacije\u201d.<\/p>\n<p>\u201cMimikrija se odnosi na fingiranje proevropskih stajali\u0161ta i \u017eelje da Crna Gora iza\u0111e iz blokade koju je sama sebi nametnula, a s druge strane provocira jedinu zemlju \u010dlanicu EU-a s kojom grani\u010di. Umjesto da redukuje broj otvorenih pitanja, ona ih pove\u0107ava&#8221;, kazao je Picula.<\/p>\n<p>Zastupnici u crnogorskom parlamentu usvojili su 28. maja Rezoluciju o genocidu u logorima Jasenovac, Dahau i Mauthausen, glasovima 41 zastupnika vladaju\u0107e koalicije.<\/p>\n<p>Rezolucija je sredinom juna predata u parlamentarnu proceduru kao odgovor na podr\u0161ku Spaji\u0107eve vlade Rezoluciji o Srebrenici u Ujedinjenim narodima.<\/p>\n<p>\u201cJa bih ukratko opisao da je rije\u010d o rezoluciji s predumi\u0161ljajem\u201d, kazao je Picula.<\/p>\n<p>\u201cNisu planirali taj potez mjesecima ranije ve\u0107 su stavili Rezoluciju na dnevni red u onom trenutku kad je postalo jasno da \u0107e biti usvojena Rezolucija o Srebrenici&#8221;, kazao je on.<\/p>\n<p>Picula pozdravlja potez Republike Hrvatske i smatra ga jasnim znakom da odnosi dvije dr\u017eave ulaze u zonu krize.<\/p>\n<p>\u201c\u010cini mi se da \u0107e trebati dosta napora i povoljnih okolnosti da Crna Gora i Hrvatska iza\u0111u iz ove situacije. Jednako tako, ovo govori da \u0107e Crna Gora imati problema na svom putu prema \u010dlanstvu u Evropskoj uniji&#8221;, ka\u017ee Picula.<\/p>\n<p><iframe loading=\"lazy\" width=\"560\" height=\"315\" src=\"https:\/\/www.youtube.com\/embed\/LkFQaQd4XEc?si=b8wxj19Kc20X_R_5\" title=\"YouTube video player\" frameborder=\"0\" allow=\"accelerometer; autoplay; clipboard-write; encrypted-media; gyroscope; picture-in-picture; web-share\" referrerpolicy=\"strict-origin-when-cross-origin\" allowfullscreen><\/iframe>&nbsp;<\/p>\n<blockquote class=\"wp-embedded-content\" data-secret=\"g89hAqexil\"><p><a href=\"https:\/\/www.pcnen.com\/portal\/2024\/07\/25\/knezevicena-reakcija-na-hrvatsku-kaznu-znaci-moj-djed-milan-zalud-je-poginuo\/\">Kne\u017eevi\u0107ena reakcija na hrvatsku kaznu: Zna\u010di, moj \u0111ed Milan, zalud je poginuo<\/a><\/p><\/blockquote>\n<p><iframe loading=\"lazy\" class=\"wp-embedded-content\" sandbox=\"allow-scripts\" security=\"restricted\" style=\"position: absolute; visibility: hidden;\" title=\"&#8220;Kne\u017eevi\u0107ena reakcija na hrvatsku kaznu: Zna\u010di, moj \u0111ed Milan, zalud je poginuo&#8221; &#8212; PCNEN\" src=\"https:\/\/www.pcnen.com\/portal\/2024\/07\/25\/knezevicena-reakcija-na-hrvatsku-kaznu-znaci-moj-djed-milan-zalud-je-poginuo\/embed\/#?secret=ccjd9noD4C#?secret=g89hAqexil\" data-secret=\"g89hAqexil\" width=\"600\" height=\"338\" frameborder=\"0\" marginwidth=\"0\" marginheight=\"0\" scrolling=\"no\"><\/iframe><\/p>\n","protected":false},"excerpt":{"rendered":"<p>Poslanik Evropskog parlamenta Tonino Picula komentarisao je situaciju u kojoj crnogorski politi\u010dari Andrija Mandi\u0107, Milan Kne\u017eevi\u0107 i Aleksa Be\u010di\u0107 nisu po\u017eeljni u Hrvatskoj.<\/p>\n","protected":false},"author":1,"featured_media":275543,"comment_status":"open","ping_status":"closed","sticky":false,"template":"","format":"standard","meta":{"_seopress_robots_primary_cat":"none","_seopress_titles_title":"","_seopress_titles_desc":"","_seopress_robots_index":"","_et_pb_use_builder":"","_et_pb_old_content":"","_et_gb_content_width":"","inline_featured_image":false,"footnotes":""},"categories":[14],"tags":[],"class_list":["post-408349","post","type-post","status-publish","format-standard","has-post-thumbnail","hentry","category-vijesti"],"_links":{"self":[{"href":"https:\/\/www.pcnen.com\/portal\/wp-json\/wp\/v2\/posts\/408349","targetHints":{"allow":["GET"]}}],"collection":[{"href":"https:\/\/www.pcnen.com\/portal\/wp-json\/wp\/v2\/posts"}],"about":[{"href":"https:\/\/www.pcnen.com\/portal\/wp-json\/wp\/v2\/types\/post"}],"author":[{"embeddable":true,"href":"https:\/\/www.pcnen.com\/portal\/wp-json\/wp\/v2\/users\/1"}],"replies":[{"embeddable":true,"href":"https:\/\/www.pcnen.com\/portal\/wp-json\/wp\/v2\/comments?post=408349"}],"version-history":[{"count":3,"href":"https:\/\/www.pcnen.com\/portal\/wp-json\/wp\/v2\/posts\/408349\/revisions"}],"predecessor-version":[{"id":408353,"href":"https:\/\/www.pcnen.com\/portal\/wp-json\/wp\/v2\/posts\/408349\/revisions\/408353"}],"wp:featuredmedia":[{"embeddable":true,"href":"https:\/\/www.pcnen.com\/portal\/wp-json\/wp\/v2\/media\/275543"}],"wp:attachment":[{"href":"https:\/\/www.pcnen.com\/portal\/wp-json\/wp\/v2\/media?parent=408349"}],"wp:term":[{"taxonomy":"category","embeddable":true,"href":"https:\/\/www.pcnen.com\/portal\/wp-json\/wp\/v2\/categories?post=408349"},{"taxonomy":"post_tag","embeddable":true,"href":"https:\/\/www.pcnen.com\/portal\/wp-json\/wp\/v2\/tags?post=408349"}],"curies":[{"name":"wp","href":"https:\/\/api.w.org\/{rel}","templated":true}]}}