{"id":408337,"date":"2024-07-26T13:17:16","date_gmt":"2024-07-26T11:17:16","guid":{"rendered":"https:\/\/www.pcnen.com\/portal\/?p=408337"},"modified":"2024-07-26T13:17:44","modified_gmt":"2024-07-26T11:17:44","slug":"francuska-nakon-haosa-u-zeljeznickom-saobracaju-evakuisan-aerodrom","status":"publish","type":"post","link":"https:\/\/www.pcnen.com\/portal\/2024\/07\/26\/francuska-nakon-haosa-u-zeljeznickom-saobracaju-evakuisan-aerodrom\/","title":{"rendered":"Francuska: Nakon haosa u \u017eeljezni\u010dkom saobrac\u0301aju &#8211; evakuisan aerodrom"},"content":{"rendered":"<p>Me\u0111unarodni aerodrom kod francuskog grada Bazel-Miluz-Frajburg evakuisan je danas i zatvoren iz bezbjednosnih razloga.<\/p>\n<p>&#8220;Iz bezbednosnih razloga, terminal je morao da bude evakuisan i trenutno je zatvoren&#8221;, navedeno je na sajtu tog me\u0111unarodnog aerodroma koji se nalazi 20 kilometara jugoisto\u010dno od francuskog grada Miluza i 3,5 kilometara severozapadno od Bazela, u \u0160vajcarskoj, prenosi Sputnjik.<\/p>\n<p>Ranije danas, a samo nekoliko sati prije ceremonije otvaranja Olimpijskih igara u Parizu, francuska \u017eelezni\u010dka kompanija SNCF je javila da je mre\u017ea njenih brzih vozova pogo\u0111ena nizom po\u017eara na infrastrukturi, odnosno, kako je ocijenjeno, \u201czlonamernim djelovanjem\u201d \u010diji cilj je paraliza sistema.<\/p>\n<blockquote class=\"wp-embedded-content\" data-secret=\"enkbdnSSyf\"><p><a href=\"https:\/\/www.pcnen.com\/portal\/2024\/07\/26\/u-francuskoj-sabotaza-uoci-olimpijskih-igara-pozari-na-zeljeznickoj-infrastrukturi\/\">U Francuskoj sabota\u017ea uo\u010di Olimpijskih igara: Po\u017eari na \u017eeljezni\u010dkoj infrastrukturi<\/a><\/p><\/blockquote>\n<p><iframe loading=\"lazy\" class=\"wp-embedded-content\" sandbox=\"allow-scripts\" security=\"restricted\" style=\"position: absolute; visibility: hidden;\" title=\"&#8220;U Francuskoj sabota\u017ea uo\u010di Olimpijskih igara: Po\u017eari na \u017eeljezni\u010dkoj infrastrukturi&#8221; &#8212; PCNEN\" src=\"https:\/\/www.pcnen.com\/portal\/2024\/07\/26\/u-francuskoj-sabotaza-uoci-olimpijskih-igara-pozari-na-zeljeznickoj-infrastrukturi\/embed\/#?secret=1RiLLxjxP6#?secret=enkbdnSSyf\" data-secret=\"enkbdnSSyf\" width=\"600\" height=\"338\" frameborder=\"0\" marginwidth=\"0\" marginheight=\"0\" scrolling=\"no\"><\/iframe><\/p>\n","protected":false},"excerpt":{"rendered":"<p>Me\u0111unarodni aerodrom kod francuskog grada Bazel-Miluz-Frajburg evakuisan je danas i zatvoren iz bezbjednosnih razloga<\/p>\n","protected":false},"author":1,"featured_media":403736,"comment_status":"open","ping_status":"closed","sticky":false,"template":"","format":"standard","meta":{"_seopress_robots_primary_cat":"none","_seopress_titles_title":"","_seopress_titles_desc":"","_seopress_robots_index":"","_et_pb_use_builder":"","_et_pb_old_content":"","_et_gb_content_width":"","inline_featured_image":false,"footnotes":""},"categories":[14],"tags":[],"class_list":["post-408337","post","type-post","status-publish","format-standard","has-post-thumbnail","hentry","category-vijesti"],"_links":{"self":[{"href":"https:\/\/www.pcnen.com\/portal\/wp-json\/wp\/v2\/posts\/408337","targetHints":{"allow":["GET"]}}],"collection":[{"href":"https:\/\/www.pcnen.com\/portal\/wp-json\/wp\/v2\/posts"}],"about":[{"href":"https:\/\/www.pcnen.com\/portal\/wp-json\/wp\/v2\/types\/post"}],"author":[{"embeddable":true,"href":"https:\/\/www.pcnen.com\/portal\/wp-json\/wp\/v2\/users\/1"}],"replies":[{"embeddable":true,"href":"https:\/\/www.pcnen.com\/portal\/wp-json\/wp\/v2\/comments?post=408337"}],"version-history":[{"count":2,"href":"https:\/\/www.pcnen.com\/portal\/wp-json\/wp\/v2\/posts\/408337\/revisions"}],"predecessor-version":[{"id":408341,"href":"https:\/\/www.pcnen.com\/portal\/wp-json\/wp\/v2\/posts\/408337\/revisions\/408341"}],"wp:featuredmedia":[{"embeddable":true,"href":"https:\/\/www.pcnen.com\/portal\/wp-json\/wp\/v2\/media\/403736"}],"wp:attachment":[{"href":"https:\/\/www.pcnen.com\/portal\/wp-json\/wp\/v2\/media?parent=408337"}],"wp:term":[{"taxonomy":"category","embeddable":true,"href":"https:\/\/www.pcnen.com\/portal\/wp-json\/wp\/v2\/categories?post=408337"},{"taxonomy":"post_tag","embeddable":true,"href":"https:\/\/www.pcnen.com\/portal\/wp-json\/wp\/v2\/tags?post=408337"}],"curies":[{"name":"wp","href":"https:\/\/api.w.org\/{rel}","templated":true}]}}