{"id":408273,"date":"2024-07-25T21:30:57","date_gmt":"2024-07-25T19:30:57","guid":{"rendered":"https:\/\/www.pcnen.com\/portal\/?p=408273"},"modified":"2024-07-25T21:30:57","modified_gmt":"2024-07-25T19:30:57","slug":"italija-dobila-negativno-misljenje-ek-o-slobodi-medija","status":"publish","type":"post","link":"https:\/\/www.pcnen.com\/portal\/2024\/07\/25\/italija-dobila-negativno-misljenje-ek-o-slobodi-medija\/","title":{"rendered":"Italija dobila negativno mi\u0161ljenje EK o slobodi medija"},"content":{"rendered":"<p>Evropska komisija je u izvje\u0161taju o vladavini prava u Evropskoj uniji izdvojila nekoliko problema s Italijom, ali vlada u Rimu negira optu\u017ebe te krivicu prebacuje na prija\u0161nje vlasti.<\/p>\n<p>Ovaj dokument je trebao biti usvojen i objavljen prije nekoliko sedmica, ali je predsjednica Evropske komisije Ursula fon der Lajen, prema tvrdnjama evropskih medija, odga\u0111ala objavu zbog nade da \u0107e je premijerka Italije Giorgia Meloni podr\u017eati u borbi za novi mandat, prenosi klix.ba.<\/p>\n<p>Kako je Fon der Lajen dobila novi mandat, izvje\u0161taj je iza\u0161ao, a uklju\u010dene su i kritike prema vlastima u Rimu. Konkretno,<\/p>\n<p>Evropskoj uniji su zasmetale promjene o mo\u0107ima premijera Italije i slobodi medija na javnom servisu.<\/p>\n<p>Italijanski novinari su \u010desto na meti tu\u017ebi, a sama Meloni je podnijela nekoliko krivi\u010dnih prijava prema medijskim radnicima koji su je kritikovali. Upravo to je bilo u fokusu ovog dijela izvje\u0161taja.<\/p>\n","protected":false},"excerpt":{"rendered":"<p>Evropska komisija je u izvje\u0161taju o vladavini prava u Evropskoj uniji izdvojila nekoliko problema s Italijom, ali vlada u Rimu negira optu\u017ebe te krivicu prebacuje na prija\u0161nje vlasti.<\/p>\n","protected":false},"author":1,"featured_media":0,"comment_status":"open","ping_status":"closed","sticky":false,"template":"","format":"standard","meta":{"_seopress_robots_primary_cat":"none","_seopress_titles_title":"","_seopress_titles_desc":"","_seopress_robots_index":"","_et_pb_use_builder":"","_et_pb_old_content":"","_et_gb_content_width":"","inline_featured_image":false,"footnotes":""},"categories":[14],"tags":[],"class_list":["post-408273","post","type-post","status-publish","format-standard","hentry","category-vijesti"],"_links":{"self":[{"href":"https:\/\/www.pcnen.com\/portal\/wp-json\/wp\/v2\/posts\/408273","targetHints":{"allow":["GET"]}}],"collection":[{"href":"https:\/\/www.pcnen.com\/portal\/wp-json\/wp\/v2\/posts"}],"about":[{"href":"https:\/\/www.pcnen.com\/portal\/wp-json\/wp\/v2\/types\/post"}],"author":[{"embeddable":true,"href":"https:\/\/www.pcnen.com\/portal\/wp-json\/wp\/v2\/users\/1"}],"replies":[{"embeddable":true,"href":"https:\/\/www.pcnen.com\/portal\/wp-json\/wp\/v2\/comments?post=408273"}],"version-history":[{"count":1,"href":"https:\/\/www.pcnen.com\/portal\/wp-json\/wp\/v2\/posts\/408273\/revisions"}],"predecessor-version":[{"id":408276,"href":"https:\/\/www.pcnen.com\/portal\/wp-json\/wp\/v2\/posts\/408273\/revisions\/408276"}],"wp:attachment":[{"href":"https:\/\/www.pcnen.com\/portal\/wp-json\/wp\/v2\/media?parent=408273"}],"wp:term":[{"taxonomy":"category","embeddable":true,"href":"https:\/\/www.pcnen.com\/portal\/wp-json\/wp\/v2\/categories?post=408273"},{"taxonomy":"post_tag","embeddable":true,"href":"https:\/\/www.pcnen.com\/portal\/wp-json\/wp\/v2\/tags?post=408273"}],"curies":[{"name":"wp","href":"https:\/\/api.w.org\/{rel}","templated":true}]}}