{"id":408268,"date":"2024-07-25T19:24:07","date_gmt":"2024-07-25T17:24:07","guid":{"rendered":"https:\/\/www.pcnen.com\/portal\/?p=408268"},"modified":"2024-07-25T19:24:35","modified_gmt":"2024-07-25T17:24:35","slug":"najvisa-dnevna-temperatura-od-21-do-35-stepeni","status":"publish","type":"post","link":"https:\/\/www.pcnen.com\/portal\/2024\/07\/25\/najvisa-dnevna-temperatura-od-21-do-35-stepeni\/","title":{"rendered":"Najvi\u0161a dnevna temperatura od 21 do 35 stepeni"},"content":{"rendered":"<p>Zvani\u010dna prognoza ka\u017ee da \u0107e u Crnoj Gori u petak biti prete\u017eno sun\u010dano, a da \u0107e na sjeveru zemlje tokom jutra i popodneva ponegdje biti male do umjerenu obla\u010dnost.<\/p>\n<p>Slab do umjeren vjetar \u0107e duvati sa sjevera, a tokom jutra i no\u0107i mjestimi\u010dno poja\u010dano sa sjeveroistoka. Tokom popodneva, na krajnjem jugoistoku povremeno \u0107e duvati poja\u010dan sjeverozapadnjak.<\/p>\n<p>Jutarnja temperatura vazduha bi\u0107e u rasponu od 8 do 26, a najvi\u0161a dnevna od 21 do 35 stepeni.<\/p>\n<p>U Podgorici \u0107e biti prete\u017eno sun\u010dano.<\/p>\n<p>Vjetar \u0107e biti slab do umjeren, ali \u0107e tokom jutra i no\u0107i na udareduvati jak sjeveroisto\u010dnjak.<\/p>\n<p>Jutarnja temperatura vazduha bi\u0107e oko 26, a najvi\u0161a dnevna 35 stepeni.<\/p>\n","protected":false},"excerpt":{"rendered":"<p>Slab do umjeren vjetar \u0107e duvati sa sjevera, a tokom jutra i no\u0107i mjestimi\u010dno poja\u010dano sa sjeveroistoka<\/p>\n","protected":false},"author":1,"featured_media":378594,"comment_status":"open","ping_status":"closed","sticky":false,"template":"","format":"standard","meta":{"_seopress_robots_primary_cat":"none","_seopress_titles_title":"","_seopress_titles_desc":"","_seopress_robots_index":"","_et_pb_use_builder":"","_et_pb_old_content":"","_et_gb_content_width":"","inline_featured_image":false,"footnotes":""},"categories":[14],"tags":[],"class_list":["post-408268","post","type-post","status-publish","format-standard","has-post-thumbnail","hentry","category-vijesti"],"_links":{"self":[{"href":"https:\/\/www.pcnen.com\/portal\/wp-json\/wp\/v2\/posts\/408268","targetHints":{"allow":["GET"]}}],"collection":[{"href":"https:\/\/www.pcnen.com\/portal\/wp-json\/wp\/v2\/posts"}],"about":[{"href":"https:\/\/www.pcnen.com\/portal\/wp-json\/wp\/v2\/types\/post"}],"author":[{"embeddable":true,"href":"https:\/\/www.pcnen.com\/portal\/wp-json\/wp\/v2\/users\/1"}],"replies":[{"embeddable":true,"href":"https:\/\/www.pcnen.com\/portal\/wp-json\/wp\/v2\/comments?post=408268"}],"version-history":[{"count":2,"href":"https:\/\/www.pcnen.com\/portal\/wp-json\/wp\/v2\/posts\/408268\/revisions"}],"predecessor-version":[{"id":408272,"href":"https:\/\/www.pcnen.com\/portal\/wp-json\/wp\/v2\/posts\/408268\/revisions\/408272"}],"wp:featuredmedia":[{"embeddable":true,"href":"https:\/\/www.pcnen.com\/portal\/wp-json\/wp\/v2\/media\/378594"}],"wp:attachment":[{"href":"https:\/\/www.pcnen.com\/portal\/wp-json\/wp\/v2\/media?parent=408268"}],"wp:term":[{"taxonomy":"category","embeddable":true,"href":"https:\/\/www.pcnen.com\/portal\/wp-json\/wp\/v2\/categories?post=408268"},{"taxonomy":"post_tag","embeddable":true,"href":"https:\/\/www.pcnen.com\/portal\/wp-json\/wp\/v2\/tags?post=408268"}],"curies":[{"name":"wp","href":"https:\/\/api.w.org\/{rel}","templated":true}]}}