{"id":408241,"date":"2024-07-25T14:56:55","date_gmt":"2024-07-25T12:56:55","guid":{"rendered":"https:\/\/www.pcnen.com\/portal\/?p=408241"},"modified":"2024-07-25T14:57:52","modified_gmt":"2024-07-25T12:57:52","slug":"direktor-fbi-sumnjam-da-je-tramp-pogodjen-metkom","status":"publish","type":"post","link":"https:\/\/www.pcnen.com\/portal\/2024\/07\/25\/direktor-fbi-sumnjam-da-je-tramp-pogodjen-metkom\/","title":{"rendered":"Direktor FBI: Sumnjam da je Tramp pogo\u0111en metkom"},"content":{"rendered":"<p>Direktor FBI, Kristofer Vrej, izrazio je sumnju da je Donald Tramp pogo\u0111en metkom tokom neuspjelog atentata na politi\u010dkom skupu u Pensilvaniji.<\/p>\n<p>&#8220;Svako po\u0161tovanje biv\u0161em predsjedniku Trampu, ali pitanje je da li je metak ili geler pogodio njegovo uvo. Sada ne znam da li je taj metak, osim \u0161to ga je pogodio, mogao da sleti negde drugdje&#8221;, rekao je Rej, prenosi &#8220;Daily mail&#8221;.<\/p>\n<p>Vrej se tako\u0111e osvrnuo na bezbjednosne propuste koji su omogu\u0107ili napada\u010du, koji je identifikovan kao Tomas Metju Kruks, da otvori vatru. U tom incidentu, 20-godi\u0161nji Kruks je ubio vatrogasca Korija Komperatorea (50) i ranio jo\u0161 dvije osobe, uklju\u010duju\u0107i i samog Trampa.<\/p>\n<p>&#8220;Kad sam si\u0161ao s pozornice, meci su mi prolazili iznad glave i \u010duo sam ih, onako zip, zip&#8221;, izjavio je kandidat za ameri\u010dkog predsjednika, koji je kasnije vi\u0111en sa zavojem preko uha.<\/p>\n<p>Tramp (76) tako\u0111e se posva\u0111ao sa svojom Tajnom slu\u017ebom jer su oni mislili da je &#8220;gotov kad je pao&#8221; jer su &#8220;vidjeli puno krvi&#8221; nakon \u0161to mu je metak okrznuo uho. Tada se posva\u0111ao sa svojim agentima jer im je rekao da &#8220;ne \u017eeli nosila i da \u0107e ustati&#8221;.<\/p>\n<p>Tako\u0111e je dodao da ga je od metka spaslo to \u0161to je u posljednjem trenutku okrenuo glavu kako bi pogledao u ekran.<\/p>\n<p>&#8220;Trebalo je da budem mrtav. Najnevjerovatnije je to \u0161to sam se ba\u0161 u tom trenutku okrenuo i taman dovoljno koliko treba. To je bila ili sre\u0107a ili je Bog upleo svoje prste&#8221;, izjavio je Tramp.<\/p>\n<p>Vrej je, pak, tokom svog svjedo\u010denja izjavio da je Kruks ranije istra\u017eivao atentat na biv\u0161eg ameri\u010dkog predsjednika D\u017eona F. Kenedija. Nedjelju dana prije napada na Trampa, Kruks je na laptopu, za koji FBI ka\u017ee da je povezan s njim, pretra\u017eivao Lija Harvija Osvalda &#8211; navodnog ubicu Kenedija u Dalasu 1963. godine.<\/p>\n<p>&#8220;Analiza laptopa koji istraga povezuje s napada\u010dem otkrila je da je 6. jula pretra\u017eivao na Guglu &#8216;koliko je daleko Osvald bio od Kenedija&#8217;,&#8221;\u00a0rekao je Vrej u svjedo\u010denju pred Odborom za pravosu\u0111e Predstavni\u010dkog doma.<\/p>\n<p>&#8220;To je isti dan kada se, \u010dini se, registrovao za skup u Batleru&#8221;, kazao je, dodav\u0161i da je osumnji\u010deni Tomas Kruks tada postao &#8220;veoma usredsre\u0111en na predsjednika Trampa i njegov predizborni skup&#8221;.<\/p>\n<p>FBI istra\u017euje ovu pucnjavu kao \u010din doma\u0107eg terorizma, a tako\u0111e se istra\u017euje koji je bio Kruksov motiv.<\/p>\n<p>&#8220;Ne znamo motiv. To je o\u010digledno jedno od klju\u010dnih pitanja u na\u0161oj istrazi i bilo nam je vrlo frustriraju\u0107e \u0161to nam brojni zaklju\u010dci do kojih smo do\u0161li tokom istrage nisu dali zna\u010dajne tragove o njegovom motivu&#8221;, rekao je Vrej, prenosi &#8220;Daily mail&#8221;.<\/p>\n<p>Na saslu\u0161anju je Vrej odgovarao na razna pitanja, kao dio rutinskog nadzora FBI-ja i Ministarstva pravosu\u0111a, a Trampu se nije svidjelo kad je na pitanje o mentalnom zdravlju aktuelnog predsjednika D\u017eoa Bajdena odgovorio da li\u010dno nije primjetio bilo kakav kognitivni pad na sastancima s njim. Zbog toga je Tramp odmah pozvao Vreja da podnese ostavku.<\/p>\n<p>&#8220;Gledao sam dana\u0161nje saslu\u0161anje u Kongresu kada je Kristoferu Vreju postavljeno pitanje da li je primjetio bilo kakvu kognitivnu degeneraciju tokom svojih brojnih razgovora sa D\u017eoom Bajdenom&#8221;, napisao je Tramp na &#8220;Truth Socialu&#8221;, dru\u0161tvenoj platformi koju je on i osnovao.<\/p>\n<p>&#8220;Vrej bi trebao smjesta da podnese ostavku u FBI-u i prestane da bude slatkorje\u010div prema Kongresu svaki put, jer svako mo\u017ee da vidi da D\u017eo Bajden ni kognitivno ni fizi\u010dki nije dobro. A ako to ne vidi\u0161, sigurno ne mo\u017ee\u0161 da vodi\u0161 FBI &#8211; osim ako ne \u017eeli\u0161 ilegalno da vodi\u0161 raciju na Mar-a-Lago. Vrej mora da da ostavku, i to sada, zbog laganja Kongresu&#8221;, napisao je Tramp.<\/p>\n<p>Ina\u010de, FBI nije bio uklju\u010den u osiguravanje bezbjednosti odr\u017eanog skupa i stoga je izbjegao isti nivo nadzora usmjeren na Tajnu slu\u017ebu zbog propusta koji su prethodili doga\u0111aju.<\/p>\n<p>Kimberli \u010citl podnijela je ostavku na mjesto \u0161efice ameri\u010dke Tajne slu\u017ebe nakon \u0161to su to tra\u017eili \u010dlanovi obje velike stranke zbog neuspjeha da se sprije\u010di poku\u0161aj ubistva, prenosi b92.<\/p>\n<blockquote class=\"wp-embedded-content\" data-secret=\"0eUxIl6NpY\"><p><a href=\"https:\/\/www.pcnen.com\/portal\/2024\/07\/14\/tramp-ranjen-na-skupu-u-pensilvaniji-napadac-ubijen-video\/\">Tramp ranjen na skupu u Pensilvaniji, napada\u010d ubijen (video)<\/a><\/p><\/blockquote>\n<p><iframe loading=\"lazy\" class=\"wp-embedded-content\" sandbox=\"allow-scripts\" security=\"restricted\" style=\"position: absolute; visibility: hidden;\" title=\"&#8220;Tramp ranjen na skupu u Pensilvaniji, napada\u010d ubijen (video)&#8221; &#8212; PCNEN\" src=\"https:\/\/www.pcnen.com\/portal\/2024\/07\/14\/tramp-ranjen-na-skupu-u-pensilvaniji-napadac-ubijen-video\/embed\/#?secret=x7BAryyESF#?secret=0eUxIl6NpY\" data-secret=\"0eUxIl6NpY\" width=\"600\" height=\"338\" frameborder=\"0\" marginwidth=\"0\" marginheight=\"0\" scrolling=\"no\"><\/iframe><\/p>\n","protected":false},"excerpt":{"rendered":"<p>Direktor FBI, Kristofer Vrej, izrazio je sumnju da je Donald Tramp pogo\u0111en metkom tokom neuspjelog atentata na politi\u010dkom skupu u Pensilvaniji.<\/p>\n","protected":false},"author":1,"featured_media":407177,"comment_status":"open","ping_status":"closed","sticky":false,"template":"","format":"standard","meta":{"_seopress_robots_primary_cat":"none","_seopress_titles_title":"","_seopress_titles_desc":"","_seopress_robots_index":"","_et_pb_use_builder":"","_et_pb_old_content":"","_et_gb_content_width":"","inline_featured_image":false,"footnotes":""},"categories":[14],"tags":[],"class_list":["post-408241","post","type-post","status-publish","format-standard","has-post-thumbnail","hentry","category-vijesti"],"_links":{"self":[{"href":"https:\/\/www.pcnen.com\/portal\/wp-json\/wp\/v2\/posts\/408241","targetHints":{"allow":["GET"]}}],"collection":[{"href":"https:\/\/www.pcnen.com\/portal\/wp-json\/wp\/v2\/posts"}],"about":[{"href":"https:\/\/www.pcnen.com\/portal\/wp-json\/wp\/v2\/types\/post"}],"author":[{"embeddable":true,"href":"https:\/\/www.pcnen.com\/portal\/wp-json\/wp\/v2\/users\/1"}],"replies":[{"embeddable":true,"href":"https:\/\/www.pcnen.com\/portal\/wp-json\/wp\/v2\/comments?post=408241"}],"version-history":[{"count":2,"href":"https:\/\/www.pcnen.com\/portal\/wp-json\/wp\/v2\/posts\/408241\/revisions"}],"predecessor-version":[{"id":408245,"href":"https:\/\/www.pcnen.com\/portal\/wp-json\/wp\/v2\/posts\/408241\/revisions\/408245"}],"wp:featuredmedia":[{"embeddable":true,"href":"https:\/\/www.pcnen.com\/portal\/wp-json\/wp\/v2\/media\/407177"}],"wp:attachment":[{"href":"https:\/\/www.pcnen.com\/portal\/wp-json\/wp\/v2\/media?parent=408241"}],"wp:term":[{"taxonomy":"category","embeddable":true,"href":"https:\/\/www.pcnen.com\/portal\/wp-json\/wp\/v2\/categories?post=408241"},{"taxonomy":"post_tag","embeddable":true,"href":"https:\/\/www.pcnen.com\/portal\/wp-json\/wp\/v2\/tags?post=408241"}],"curies":[{"name":"wp","href":"https:\/\/api.w.org\/{rel}","templated":true}]}}