{"id":408236,"date":"2024-07-25T14:25:48","date_gmt":"2024-07-25T12:25:48","guid":{"rendered":"https:\/\/www.pcnen.com\/portal\/?p=408236"},"modified":"2024-07-25T14:26:36","modified_gmt":"2024-07-25T12:26:36","slug":"grlic-radman-izjavio-da-hrvatska-nece-blokirati-put-crne-gore-u-eu","status":"publish","type":"post","link":"https:\/\/www.pcnen.com\/portal\/2024\/07\/25\/grlic-radman-izjavio-da-hrvatska-nece-blokirati-put-crne-gore-u-eu\/","title":{"rendered":"Grli\u0107 Radman izjavio da Hrvatska ne\u0107e blokirati put Crne Gore u EU"},"content":{"rendered":"<p>Ministar vanjskih i evropskih poslova u Vladi Hrvatske Gordan Grli\u0107 Radman je prije sjednice Vlade komentirao odluku da se tri crnogorska politi\u010dara proglase nepo\u017eeljnima u Republici Hrvatskoj.<\/p>\n<p>&#8220;Na\u0161a je suverena procjena koga \u017eelimo proglasiti nepo\u017eeljnim u Hrvatskoj. Smatram da su osobe koje smo ozna\u010dili kao nepo\u017eeljne to i zaslu\u017eile, jer su pogor\u0161ali odnose izme\u0111u Crne Gore i Hrvatske&#8221;, ustvrdio je, <a href=\"https:\/\/dnevnik.hr\/vijesti\/hrvatska\/gordan-grlic-radman-o-noti-koja-je-poslana-crnoj-gori---860484.html\">prenosi<\/a> Dnevnik.hr.<\/p>\n<p>Grli\u0107 Radman je pojasnio da se nota odnosi na teritoriju Republike Hrvatske, te odgovorio na pitanje ho\u0107e li Hrvatska povla\u010diti jo\u0161 neke poteze poput blokiranja puta ka EU.<\/p>\n<p>&#8220;Blokada je instrument koji se sve vi\u0161e izbjegava, ali postoje drugi mehanizmi. Crna Gora mora ispuniti jo\u0161 neka mjerila da bi zatvorila 23. poglavlje, a to uklju\u010duje procesuiranje ratnih zlo\u010dina, pitanje nestalih i hrvatske manjine. Mislim da je do\u0161ao trenutak da se okrene vladavini prava i europskim vrijednostima&#8221;, rekao je \u0161ef hrvatske diplomatije.<\/p>\n<p>Napomenuo je da je ovo simboli\u010dna sankcija koju \u0107e svako razumjeti.<\/p>\n<p>&#8220;Mi smo u 32 godine pokazali izuzetnu dobrotu, ali izgleda je to prepoznato kao slabost. Crna Gora se mora osvijestiti i shvatiti kakvi \u010dinovi doprinose razumijevanju, a kakvi nerazumijevanju&#8221;, zaklju\u010dio je Grli\u0107 Radman.<\/p>\n<blockquote class=\"wp-embedded-content\" data-secret=\"89H1vayaqO\"><p><a href=\"https:\/\/www.pcnen.com\/portal\/2024\/07\/25\/reakcija-andrije-mandica-na-hrvatsku-kaznu-video\/\">Reakcija Andrije Mandi\u0107a na hrvatsku kaznu (video)<\/a><\/p><\/blockquote>\n<p><iframe loading=\"lazy\" class=\"wp-embedded-content\" sandbox=\"allow-scripts\" security=\"restricted\" style=\"position: absolute; visibility: hidden;\" title=\"&#8220;Reakcija Andrije Mandi\u0107a na hrvatsku kaznu (video)&#8221; &#8212; PCNEN\" src=\"https:\/\/www.pcnen.com\/portal\/2024\/07\/25\/reakcija-andrije-mandica-na-hrvatsku-kaznu-video\/embed\/#?secret=U0HZKbcHx4#?secret=89H1vayaqO\" data-secret=\"89H1vayaqO\" width=\"600\" height=\"338\" frameborder=\"0\" marginwidth=\"0\" marginheight=\"0\" scrolling=\"no\"><\/iframe><\/p>\n","protected":false},"excerpt":{"rendered":"<p>Progla\u0161avanje Mandi\u0107a, Be\u010di\u0107a i Kne\u017eevi\u0107a nepo\u017eeljnim osobama je &#8220;simboli\u010dna sankcija koju \u0107e svako razumjeti&#8221;<\/p>\n","protected":false},"author":1,"featured_media":357244,"comment_status":"open","ping_status":"closed","sticky":false,"template":"","format":"standard","meta":{"_seopress_robots_primary_cat":"none","_seopress_titles_title":"","_seopress_titles_desc":"","_seopress_robots_index":"","_et_pb_use_builder":"","_et_pb_old_content":"","_et_gb_content_width":"","inline_featured_image":false,"footnotes":""},"categories":[14],"tags":[],"class_list":["post-408236","post","type-post","status-publish","format-standard","has-post-thumbnail","hentry","category-vijesti"],"_links":{"self":[{"href":"https:\/\/www.pcnen.com\/portal\/wp-json\/wp\/v2\/posts\/408236","targetHints":{"allow":["GET"]}}],"collection":[{"href":"https:\/\/www.pcnen.com\/portal\/wp-json\/wp\/v2\/posts"}],"about":[{"href":"https:\/\/www.pcnen.com\/portal\/wp-json\/wp\/v2\/types\/post"}],"author":[{"embeddable":true,"href":"https:\/\/www.pcnen.com\/portal\/wp-json\/wp\/v2\/users\/1"}],"replies":[{"embeddable":true,"href":"https:\/\/www.pcnen.com\/portal\/wp-json\/wp\/v2\/comments?post=408236"}],"version-history":[{"count":2,"href":"https:\/\/www.pcnen.com\/portal\/wp-json\/wp\/v2\/posts\/408236\/revisions"}],"predecessor-version":[{"id":408240,"href":"https:\/\/www.pcnen.com\/portal\/wp-json\/wp\/v2\/posts\/408236\/revisions\/408240"}],"wp:featuredmedia":[{"embeddable":true,"href":"https:\/\/www.pcnen.com\/portal\/wp-json\/wp\/v2\/media\/357244"}],"wp:attachment":[{"href":"https:\/\/www.pcnen.com\/portal\/wp-json\/wp\/v2\/media?parent=408236"}],"wp:term":[{"taxonomy":"category","embeddable":true,"href":"https:\/\/www.pcnen.com\/portal\/wp-json\/wp\/v2\/categories?post=408236"},{"taxonomy":"post_tag","embeddable":true,"href":"https:\/\/www.pcnen.com\/portal\/wp-json\/wp\/v2\/tags?post=408236"}],"curies":[{"name":"wp","href":"https:\/\/api.w.org\/{rel}","templated":true}]}}