{"id":408232,"date":"2024-07-25T14:13:31","date_gmt":"2024-07-25T12:13:31","guid":{"rendered":"https:\/\/www.pcnen.com\/portal\/?p=408232"},"modified":"2024-07-25T22:15:59","modified_gmt":"2024-07-25T20:15:59","slug":"reakcija-andrije-mandica-na-hrvatsku-kaznu-video","status":"publish","type":"post","link":"https:\/\/www.pcnen.com\/portal\/2024\/07\/25\/reakcija-andrije-mandica-na-hrvatsku-kaznu-video\/","title":{"rendered":"Reakcija Andrije Mandi\u0107a na hrvatsku kaznu (video)"},"content":{"rendered":"<p>Predsjednik Skup\u0161tine Crne Gore i lider Nove srpske demokratije Andrija Mandi\u0107 je, nakon \u0161to je prozvan od \u0161efa poslani\u010dkog kluba opozicione Demokratske partije socijalista Andrije Nikoli\u0107a, odgovrio na odluku hrvatskih vlasti da ga proglase nepo\u017eeljnom osobom (persona non grata).<\/p>\n<p>Nakon \u0161to je upozoren da nije ovla\u0161\u0107en da ka\u017ee kako crogorska izvr\u0161na vlast ne\u0107e preduzimati recipro\u010dne mjere, Mandi\u0107 je kazao da on to predla\u017ee Vladi.<\/p>\n<p>Hrvatske vlasti u, osim, Mandi\u0107a, nepo\u017eeljnim osobama proglasile Aleksu Be\u010di\u0107a, vicepremijera Vlade Crne Gore i Miana Kne\u017eevi\u0107a, poslanika Demokratske narodne partije.<\/p>\n<blockquote class=\"twitter-tweet\">\n<p dir=\"ltr\" lang=\"sr\">\u0425\u0420\u0412\u0410\u0422\u0421\u041a\u0410 \u0417\u0410\u0411\u0420\u0410\u041d\u041e\u041c \u0423\u041b\u0410\u0421\u041a\u0410 \u041d\u0415\u0413\u0418\u0420\u0410 \u0420\u0415\u0417\u041e\u041b\u0423\u0426\u0418\u0408\u0423 \u041e \u0413\u0415\u041d\u041e\u0426\u0418\u0414\u0423 \u0423 \u0408\u0410\u0421\u0415\u041d\u041e\u0412\u0426\u0423! <a href=\"https:\/\/t.co\/pwikjJpMD3\">pic.twitter.com\/pwikjJpMD3<\/a><\/p>\n<p>\u2014 \u0410\u043d\u0434\u0440\u0438\u0458\u0430 \u041c\u0430\u043d\u0434\u0438\u045b (@AndrijaMandicDF) <a href=\"https:\/\/twitter.com\/AndrijaMandicDF\/status\/1816522975577014273?ref_src=twsrc%5Etfw\">July 25, 2024<\/a><\/p><\/blockquote>\n<p><script async src=\"https:\/\/platform.twitter.com\/widgets.js\" charset=\"utf-8\"><\/script><\/p>\n<p><iframe loading=\"lazy\" title=\"YouTube video player\" src=\"https:\/\/www.youtube.com\/embed\/FQXP58dHIhw?si=mk0cbMEMlCHYvpPt\" width=\"560\" height=\"315\" frameborder=\"0\" allowfullscreen=\"allowfullscreen\"><\/iframe><\/p>\n","protected":false},"excerpt":{"rendered":"<p>Predsjednik Skup\u0161tine Crne Gore i lider Nove srpske demokratije Andrija Mandi\u0107 je, nakon \u0161to je prozvan od \u0161efa poslani\u010dkog kluba opozicione Demokratske partije socijalista Andrije Nikoli\u0107a, odgovrio na odluku hrvatskih vlasti da ga proglase nepo\u017eeljnom osobom (persona non grata). Nakon \u0161to je upozoren da nije ovla\u0161\u0107en da ka\u017ee kako crogorska izvr\u0161na vlast ne\u0107e preduzimati recipro\u010dne [&hellip;]<\/p>\n","protected":false},"author":1,"featured_media":392088,"comment_status":"open","ping_status":"closed","sticky":false,"template":"","format":"standard","meta":{"_seopress_robots_primary_cat":"none","_seopress_titles_title":"","_seopress_titles_desc":"","_seopress_robots_index":"","_et_pb_use_builder":"","_et_pb_old_content":"","_et_gb_content_width":"","inline_featured_image":false,"footnotes":""},"categories":[14],"tags":[],"class_list":["post-408232","post","type-post","status-publish","format-standard","has-post-thumbnail","hentry","category-vijesti"],"_links":{"self":[{"href":"https:\/\/www.pcnen.com\/portal\/wp-json\/wp\/v2\/posts\/408232","targetHints":{"allow":["GET"]}}],"collection":[{"href":"https:\/\/www.pcnen.com\/portal\/wp-json\/wp\/v2\/posts"}],"about":[{"href":"https:\/\/www.pcnen.com\/portal\/wp-json\/wp\/v2\/types\/post"}],"author":[{"embeddable":true,"href":"https:\/\/www.pcnen.com\/portal\/wp-json\/wp\/v2\/users\/1"}],"replies":[{"embeddable":true,"href":"https:\/\/www.pcnen.com\/portal\/wp-json\/wp\/v2\/comments?post=408232"}],"version-history":[{"count":2,"href":"https:\/\/www.pcnen.com\/portal\/wp-json\/wp\/v2\/posts\/408232\/revisions"}],"predecessor-version":[{"id":408278,"href":"https:\/\/www.pcnen.com\/portal\/wp-json\/wp\/v2\/posts\/408232\/revisions\/408278"}],"wp:featuredmedia":[{"embeddable":true,"href":"https:\/\/www.pcnen.com\/portal\/wp-json\/wp\/v2\/media\/392088"}],"wp:attachment":[{"href":"https:\/\/www.pcnen.com\/portal\/wp-json\/wp\/v2\/media?parent=408232"}],"wp:term":[{"taxonomy":"category","embeddable":true,"href":"https:\/\/www.pcnen.com\/portal\/wp-json\/wp\/v2\/categories?post=408232"},{"taxonomy":"post_tag","embeddable":true,"href":"https:\/\/www.pcnen.com\/portal\/wp-json\/wp\/v2\/tags?post=408232"}],"curies":[{"name":"wp","href":"https:\/\/api.w.org\/{rel}","templated":true}]}}