{"id":408228,"date":"2024-07-25T13:22:29","date_gmt":"2024-07-25T11:22:29","guid":{"rendered":"https:\/\/www.pcnen.com\/portal\/?p=408228"},"modified":"2024-07-25T13:22:29","modified_gmt":"2024-07-25T11:22:29","slug":"ura-porucila-mandicu-becicu-i-knezevicu-da-bi-bilo-dobro-da-podnesu-ostavke","status":"publish","type":"post","link":"https:\/\/www.pcnen.com\/portal\/2024\/07\/25\/ura-porucila-mandicu-becicu-i-knezevicu-da-bi-bilo-dobro-da-podnesu-ostavke\/","title":{"rendered":"URA poru\u010dila Mandi\u0107u, Be\u010di\u0107u i Kne\u017eevi\u0107u da bi &#8216;bilo dobro&#8217; da podnesu ostavke"},"content":{"rendered":"<p>&#8220;Zabrana ulaska u Republiku Hrvatsku, zemlju \u010dlanicu Evropske unije (EU), predsjedniku Skup\u0161tine Crne Gore Andriji Mandi\u0107u, potpredsjedniku Vlade Aleksi Be\u010di\u0107u, koji je do prije par dana bio zadu\u017een za vanjsku politiku, kao i Milanu Kne\u017eevi\u0107u, poslaniku i predsjedniku DNP-a, jasan je signal da ova politi\u010dka garnitura ne mo\u017ee uvesti Crnu Goru u EU&#8221;, saop\u0161tio je generalni sekretar Gra\u0111anskog pokreta URA Mileta Radovani\u0107.<\/p>\n<p>&#8220;Imaju\u0107i u vidu &#8216;Franken\u0161tajn&#8217; vladu sa vi\u0161e resora nego \u0161to ima stolica u zgradi vlade, ostaje jedino nejasno da vidimo ko \u0107e od raznih ministara i potpredsjednika zapravo odgovoriti Republici Hrvatskoj. Bilo bi dobro da podnesete ostakve kako ne bi optere\u0107ivali na\u0161 EU put&#8221;, zaklju\u010dio je Radovani\u0107.<\/p>\n<blockquote class=\"wp-embedded-content\" data-secret=\"hxldivSIer\"><p><a href=\"https:\/\/www.pcnen.com\/portal\/2024\/07\/25\/hrvatsko-mvep-proglasilo-mandica-knezevica-i-becica-personama-non-grata\/\">Hrvatsko MVEP proglasilo Mandi\u0107a, Kne\u017eevi\u0107a i Be\u010di\u0107a personama non grata<\/a><\/p><\/blockquote>\n<p><iframe loading=\"lazy\" class=\"wp-embedded-content\" sandbox=\"allow-scripts\" security=\"restricted\" style=\"position: absolute; visibility: hidden;\" title=\"&#8220;Hrvatsko MVEP proglasilo Mandi\u0107a, Kne\u017eevi\u0107a i Be\u010di\u0107a personama non grata&#8221; &#8212; PCNEN\" src=\"https:\/\/www.pcnen.com\/portal\/2024\/07\/25\/hrvatsko-mvep-proglasilo-mandica-knezevica-i-becica-personama-non-grata\/embed\/#?secret=OnLm5xAAUR#?secret=hxldivSIer\" data-secret=\"hxldivSIer\" width=\"600\" height=\"338\" frameborder=\"0\" marginwidth=\"0\" marginheight=\"0\" scrolling=\"no\"><\/iframe><\/p>\n","protected":false},"excerpt":{"rendered":"<p>&#8220;Zabrana ulaska u Republiku Hrvatsku, zemlju \u010dlanicu Evropske unije (EU), predsjedniku Skup\u0161tine Crne Gore Andriji Mandi\u0107u, potpredsjedniku Vlade Aleksi Be\u010di\u0107u, koji je do prije par dana bio zadu\u017een za vanjsku politiku, kao i Milanu Kne\u017eevi\u0107u, poslaniku i predsjedniku DNP-a, jasan je signal da ova politi\u010dka garnitura ne mo\u017ee uvesti Crnu Goru u EU&#8221;, saop\u0161tio je [&hellip;]<\/p>\n","protected":false},"author":1,"featured_media":323001,"comment_status":"open","ping_status":"closed","sticky":false,"template":"","format":"standard","meta":{"_seopress_robots_primary_cat":"none","_seopress_titles_title":"","_seopress_titles_desc":"","_seopress_robots_index":"","_et_pb_use_builder":"","_et_pb_old_content":"","_et_gb_content_width":"","inline_featured_image":false,"footnotes":""},"categories":[14],"tags":[],"class_list":["post-408228","post","type-post","status-publish","format-standard","has-post-thumbnail","hentry","category-vijesti"],"_links":{"self":[{"href":"https:\/\/www.pcnen.com\/portal\/wp-json\/wp\/v2\/posts\/408228","targetHints":{"allow":["GET"]}}],"collection":[{"href":"https:\/\/www.pcnen.com\/portal\/wp-json\/wp\/v2\/posts"}],"about":[{"href":"https:\/\/www.pcnen.com\/portal\/wp-json\/wp\/v2\/types\/post"}],"author":[{"embeddable":true,"href":"https:\/\/www.pcnen.com\/portal\/wp-json\/wp\/v2\/users\/1"}],"replies":[{"embeddable":true,"href":"https:\/\/www.pcnen.com\/portal\/wp-json\/wp\/v2\/comments?post=408228"}],"version-history":[{"count":1,"href":"https:\/\/www.pcnen.com\/portal\/wp-json\/wp\/v2\/posts\/408228\/revisions"}],"predecessor-version":[{"id":408231,"href":"https:\/\/www.pcnen.com\/portal\/wp-json\/wp\/v2\/posts\/408228\/revisions\/408231"}],"wp:featuredmedia":[{"embeddable":true,"href":"https:\/\/www.pcnen.com\/portal\/wp-json\/wp\/v2\/media\/323001"}],"wp:attachment":[{"href":"https:\/\/www.pcnen.com\/portal\/wp-json\/wp\/v2\/media?parent=408228"}],"wp:term":[{"taxonomy":"category","embeddable":true,"href":"https:\/\/www.pcnen.com\/portal\/wp-json\/wp\/v2\/categories?post=408228"},{"taxonomy":"post_tag","embeddable":true,"href":"https:\/\/www.pcnen.com\/portal\/wp-json\/wp\/v2\/tags?post=408228"}],"curies":[{"name":"wp","href":"https:\/\/api.w.org\/{rel}","templated":true}]}}