{"id":408224,"date":"2024-07-25T13:16:22","date_gmt":"2024-07-25T11:16:22","guid":{"rendered":"https:\/\/www.pcnen.com\/portal\/?p=408224"},"modified":"2024-07-25T13:16:22","modified_gmt":"2024-07-25T11:16:22","slug":"becic-o-hrvatskoj-kazni-kriterijuma-ocito-da-nema-ima-politike","status":"publish","type":"post","link":"https:\/\/www.pcnen.com\/portal\/2024\/07\/25\/becic-o-hrvatskoj-kazni-kriterijuma-ocito-da-nema-ima-politike\/","title":{"rendered":"Be\u010di\u0107 o hrvatskoj kazni: Kriterijuma o\u010dito da nema. Ima politike"},"content":{"rendered":"<p>Aleksa Be\u010di\u0107, lider Demokrata CG i potpredsjednik Vlade Crne Gore, reagoavo je na svome FB profilu na odluku hrvatske vlasti da ga, zajedno sa Andrijom Mandi\u0107em i Milanom Kne\u017eevi\u0107m, proglasi nepo\u017eeljnom osobom (persona non grata).<\/p>\n<p>&#8220;Ako dobro razumijem, jer se nijesam bavio Hrvatskom u svojim javnim nastupima, niti sam poslanik, Hrvatska me proglaslila nepo\u017eeljnim, jer su poslanici partije \u010diji sam predsjednik glasali za Rezoluciju o genocidu u Jasenovcu. Mada, ima jo\u0161 predsjednika partija koje su glasale i \u010dlanovi su Vlade, tako da kriterijuma o\u010dito da nema. Ima politike, kao i ranije u odlukama nekih drugih susjeda&#8221; napisao je, pored ostalog, Be\u010di\u0107.<\/p>\n<blockquote class=\"wp-embedded-content\" data-secret=\"jHaYHttQml\"><p><a href=\"https:\/\/www.pcnen.com\/portal\/2024\/07\/25\/hrvatsko-mvep-proglasilo-mandica-knezevica-i-becica-personama-non-grata\/\">Hrvatsko MVEP proglasilo Mandi\u0107a, Kne\u017eevi\u0107a i Be\u010di\u0107a personama non grata<\/a><\/p><\/blockquote>\n<p><iframe loading=\"lazy\" class=\"wp-embedded-content\" sandbox=\"allow-scripts\" security=\"restricted\" style=\"position: absolute; visibility: hidden;\" title=\"&#8220;Hrvatsko MVEP proglasilo Mandi\u0107a, Kne\u017eevi\u0107a i Be\u010di\u0107a personama non grata&#8221; &#8212; PCNEN\" src=\"https:\/\/www.pcnen.com\/portal\/2024\/07\/25\/hrvatsko-mvep-proglasilo-mandica-knezevica-i-becica-personama-non-grata\/embed\/#?secret=Opl3HLlFEa#?secret=jHaYHttQml\" data-secret=\"jHaYHttQml\" width=\"600\" height=\"338\" frameborder=\"0\" marginwidth=\"0\" marginheight=\"0\" scrolling=\"no\"><\/iframe><\/p>\n<p><iframe loading=\"lazy\" style=\"border: none; overflow: hidden;\" src=\"https:\/\/www.facebook.com\/plugins\/post.php?href=https%3A%2F%2Fwww.facebook.com%2Faleksa.becic%2Fposts%2Fpfbid023YW5wQZpejB1NNBstgqbVtqPDaEeeDnpk5ofr4hoj6vSqy2ZgfApqWQAnu1YdiHWl&amp;show_text=true&amp;width=500\" width=\"500\" height=\"730\" frameborder=\"0\" scrolling=\"no\" allowfullscreen=\"allowfullscreen\"><\/iframe><\/p>\n","protected":false},"excerpt":{"rendered":"<p>Aleksa Be\u010di\u0107, lider Demokrata CG i potpredsjednik Vlade Crne Gore, reagoavo je na svome FB profilu na odluku hrvatske vlasti da ga, zajedno sa Andrijom Mandi\u0107em i Milanom Kne\u017eevi\u0107m, proglasi nepo\u017eeljnom osobom (persona non grata). &#8220;Ako dobro razumijem, jer se nijesam bavio Hrvatskom u svojim javnim nastupima, niti sam poslanik, Hrvatska me proglaslila nepo\u017eeljnim, jer [&hellip;]<\/p>\n","protected":false},"author":1,"featured_media":337108,"comment_status":"open","ping_status":"closed","sticky":false,"template":"","format":"standard","meta":{"_seopress_robots_primary_cat":"none","_seopress_titles_title":"","_seopress_titles_desc":"","_seopress_robots_index":"","_et_pb_use_builder":"","_et_pb_old_content":"","_et_gb_content_width":"","inline_featured_image":false,"footnotes":""},"categories":[14],"tags":[],"class_list":["post-408224","post","type-post","status-publish","format-standard","has-post-thumbnail","hentry","category-vijesti"],"_links":{"self":[{"href":"https:\/\/www.pcnen.com\/portal\/wp-json\/wp\/v2\/posts\/408224","targetHints":{"allow":["GET"]}}],"collection":[{"href":"https:\/\/www.pcnen.com\/portal\/wp-json\/wp\/v2\/posts"}],"about":[{"href":"https:\/\/www.pcnen.com\/portal\/wp-json\/wp\/v2\/types\/post"}],"author":[{"embeddable":true,"href":"https:\/\/www.pcnen.com\/portal\/wp-json\/wp\/v2\/users\/1"}],"replies":[{"embeddable":true,"href":"https:\/\/www.pcnen.com\/portal\/wp-json\/wp\/v2\/comments?post=408224"}],"version-history":[{"count":1,"href":"https:\/\/www.pcnen.com\/portal\/wp-json\/wp\/v2\/posts\/408224\/revisions"}],"predecessor-version":[{"id":408227,"href":"https:\/\/www.pcnen.com\/portal\/wp-json\/wp\/v2\/posts\/408224\/revisions\/408227"}],"wp:featuredmedia":[{"embeddable":true,"href":"https:\/\/www.pcnen.com\/portal\/wp-json\/wp\/v2\/media\/337108"}],"wp:attachment":[{"href":"https:\/\/www.pcnen.com\/portal\/wp-json\/wp\/v2\/media?parent=408224"}],"wp:term":[{"taxonomy":"category","embeddable":true,"href":"https:\/\/www.pcnen.com\/portal\/wp-json\/wp\/v2\/categories?post=408224"},{"taxonomy":"post_tag","embeddable":true,"href":"https:\/\/www.pcnen.com\/portal\/wp-json\/wp\/v2\/tags?post=408224"}],"curies":[{"name":"wp","href":"https:\/\/api.w.org\/{rel}","templated":true}]}}