{"id":408207,"date":"2024-07-25T12:02:00","date_gmt":"2024-07-25T10:02:00","guid":{"rendered":"https:\/\/www.pcnen.com\/portal\/?p=408207"},"modified":"2024-07-25T12:02:00","modified_gmt":"2024-07-25T10:02:00","slug":"knezevicena-reakcija-na-hrvatsku-kaznu-znaci-moj-djed-milan-zalud-je-poginuo","status":"publish","type":"post","link":"https:\/\/www.pcnen.com\/portal\/2024\/07\/25\/knezevicena-reakcija-na-hrvatsku-kaznu-znaci-moj-djed-milan-zalud-je-poginuo\/","title":{"rendered":"Kne\u017eevi\u0107ena reakcija na hrvatsku kaznu: Zna\u010di, moj \u0111ed Milan, zalud je poginuo"},"content":{"rendered":"<p>Prva reakcija Milana Kne\u017eevi\u0107a, lidera Demokratske narodne partije i poslanika u Skup\u0161tini Crne Gore, na odluku vlasti u Zagrebu da njega, Andriju Mandi\u0107a i Aleksu Be\u010di\u0107a proglasi nepo\u017ee\u010dljnim osobama (persona non grata) bia je kratka i ironi\u010dna.<\/p>\n<p>&#8220;Zna\u010di, moj \u0111ed Milan, po kome nosim ime, zalud je poginuo na \u0110ur\u0111evdan 1945. osloba\u0111aju\u0107i Karlovac od usta\u0161a i nacista. Izgleda su oni pobijedili, a mi izgubili\u201c, napisao je Kne\u017eevi\u0107 na platformi X i dodao da \u0107e ga &#8220;\u017eena ubiti&#8221; jer \u0107e im propasti rezervacija za Rovinj.<\/p>\n<blockquote class=\"twitter-tweet\">\n<p dir=\"ltr\" lang=\"zxx\"><a href=\"https:\/\/t.co\/ZevIBg5QIc\">pic.twitter.com\/ZevIBg5QIc<\/a><\/p>\n<p>\u2014 Milan Kne\u017eevi\u0107 (@MilanKnezevic80) <a href=\"https:\/\/twitter.com\/MilanKnezevic80\/status\/1816398356530208918?ref_src=twsrc%5Etfw\">July 25, 2024<\/a><\/p><\/blockquote>\n<p><script async src=\"https:\/\/platform.twitter.com\/widgets.js\" charset=\"utf-8\"><\/script><\/p>\n<blockquote class=\"wp-embedded-content\" data-secret=\"vY9gvqkkgx\"><p><a href=\"https:\/\/www.pcnen.com\/portal\/2024\/07\/25\/hrvatsko-mvep-proglasilo-mandica-knezevica-i-becica-personama-non-grata\/\">Hrvatsko MVEP proglasilo Mandi\u0107a, Kne\u017eevi\u0107a i Be\u010di\u0107a personama non grata<\/a><\/p><\/blockquote>\n<p><iframe loading=\"lazy\" class=\"wp-embedded-content\" sandbox=\"allow-scripts\" security=\"restricted\" style=\"position: absolute; visibility: hidden;\" title=\"&#8220;Hrvatsko MVEP proglasilo Mandi\u0107a, Kne\u017eevi\u0107a i Be\u010di\u0107a personama non grata&#8221; &#8212; PCNEN\" src=\"https:\/\/www.pcnen.com\/portal\/2024\/07\/25\/hrvatsko-mvep-proglasilo-mandica-knezevica-i-becica-personama-non-grata\/embed\/#?secret=4YlH1m5GA2#?secret=vY9gvqkkgx\" data-secret=\"vY9gvqkkgx\" width=\"600\" height=\"338\" frameborder=\"0\" marginwidth=\"0\" marginheight=\"0\" scrolling=\"no\"><\/iframe><\/p>\n","protected":false},"excerpt":{"rendered":"<p>Prva reakcija Milana Kne\u017eevi\u0107a, lidera Demokratske narodne partije i poslanika u Skup\u0161tini Crne Gore, na odluku vlasti u Zagrebu da njega, Andriju Mandi\u0107a i Aleksu Be\u010di\u0107a proglasi nepo\u017ee\u010dljnim osobama (persona non grata) bia je kratka i ironi\u010dna.<\/p>\n","protected":false},"author":1,"featured_media":293877,"comment_status":"open","ping_status":"closed","sticky":false,"template":"","format":"standard","meta":{"_seopress_robots_primary_cat":"none","_seopress_titles_title":"","_seopress_titles_desc":"","_seopress_robots_index":"","_et_pb_use_builder":"","_et_pb_old_content":"","_et_gb_content_width":"","inline_featured_image":false,"footnotes":""},"categories":[14],"tags":[],"class_list":["post-408207","post","type-post","status-publish","format-standard","has-post-thumbnail","hentry","category-vijesti"],"_links":{"self":[{"href":"https:\/\/www.pcnen.com\/portal\/wp-json\/wp\/v2\/posts\/408207","targetHints":{"allow":["GET"]}}],"collection":[{"href":"https:\/\/www.pcnen.com\/portal\/wp-json\/wp\/v2\/posts"}],"about":[{"href":"https:\/\/www.pcnen.com\/portal\/wp-json\/wp\/v2\/types\/post"}],"author":[{"embeddable":true,"href":"https:\/\/www.pcnen.com\/portal\/wp-json\/wp\/v2\/users\/1"}],"replies":[{"embeddable":true,"href":"https:\/\/www.pcnen.com\/portal\/wp-json\/wp\/v2\/comments?post=408207"}],"version-history":[{"count":1,"href":"https:\/\/www.pcnen.com\/portal\/wp-json\/wp\/v2\/posts\/408207\/revisions"}],"predecessor-version":[{"id":408210,"href":"https:\/\/www.pcnen.com\/portal\/wp-json\/wp\/v2\/posts\/408207\/revisions\/408210"}],"wp:featuredmedia":[{"embeddable":true,"href":"https:\/\/www.pcnen.com\/portal\/wp-json\/wp\/v2\/media\/293877"}],"wp:attachment":[{"href":"https:\/\/www.pcnen.com\/portal\/wp-json\/wp\/v2\/media?parent=408207"}],"wp:term":[{"taxonomy":"category","embeddable":true,"href":"https:\/\/www.pcnen.com\/portal\/wp-json\/wp\/v2\/categories?post=408207"},{"taxonomy":"post_tag","embeddable":true,"href":"https:\/\/www.pcnen.com\/portal\/wp-json\/wp\/v2\/tags?post=408207"}],"curies":[{"name":"wp","href":"https:\/\/api.w.org\/{rel}","templated":true}]}}