{"id":408203,"date":"2024-07-25T11:48:57","date_gmt":"2024-07-25T09:48:57","guid":{"rendered":"https:\/\/www.pcnen.com\/portal\/?p=408203"},"modified":"2024-07-25T11:48:57","modified_gmt":"2024-07-25T09:48:57","slug":"energetski-koridor-istok-zapad-proci-ce-od-turske-do-crne-gore","status":"publish","type":"post","link":"https:\/\/www.pcnen.com\/portal\/2024\/07\/25\/energetski-koridor-istok-zapad-proci-ce-od-turske-do-crne-gore\/","title":{"rendered":"Energetski koridor Istok-Zapad pro\u0107i \u0107e od Turske do Crne Gore"},"content":{"rendered":"<p>Bugarski Elektroenergien sistemen operator (ESO) dobio je od SAD bespovratna sredstva za studiju izvodljivosti za Energetski koridor Istok-Zapad izme\u0111u Turske i Crne Gore, uz mogu\u0107nost povezivanja sa Italijom. U projekat su uklju\u010dene Gr\u010dka, S. Makedonija, Kosovo i Albanija.<\/p>\n<p>Direktorka Agencije SAD za trgovinu i razvoj (USDTA) Eno T. Ebong je potpisala sporazum o grantu od 1,5 miliona dolara sa izvr\u0161nim direktorom ESO-a Angelinom Ca\u010devim za razvoj mre\u017ee za prenos elektri\u010dne energije, da bi se obnovljivi izvori lak\u0161e integrisali i da bugarski dr\u017eavni operator sistema prenosa pove\u0107a kapacitet za izvoz u susjedne zemlje. ESO je pokrenuo projekat za Energetski koridor Istok-Zapad da bi se povezale mre\u017ee Turske, Bugarske, Gr\u010dke, S. Makedonije, Albanije i Crne Gore, sa mogu\u0107no\u0161\u0107u dosezanja do Italije, <a href=\"https:\/\/balkangreenenergynews.com\/rs\/energetski-koridor-istok-zapad-proci-ce-od-turske-do-crne-gore\/\" target=\"_blank\" rel=\"noopener\">pi\u0161e balkangreenenergynews.com.<\/a><\/p>\n<p>Crna Gora je sa Italijom ve\u0107 povezana kablom Monita. Srbija je do Transbalkanskog elektroenergetskog koridora od Rumunije do Crne Gore. Unutar Balkana je u razvoju jo\u0161 nekoliko takvih projekata.<\/p>\n","protected":false},"excerpt":{"rendered":"<p>Bugarski Elektroenergien sistemen operator (ESO) dobio je od SAD bespovratna sredstva za studiju izvodljivosti za Energetski koridor Istok-Zapad izme\u0111u Turske i Crne Gore, uz mogu\u0107nost povezivanja sa Italijom. U projekat su uklju\u010dene Gr\u010dka, S. Makedonija, Kosovo i Albanija<\/p>\n","protected":false},"author":1,"featured_media":342429,"comment_status":"open","ping_status":"closed","sticky":false,"template":"","format":"standard","meta":{"_seopress_robots_primary_cat":"none","_seopress_titles_title":"","_seopress_titles_desc":"","_seopress_robots_index":"","_et_pb_use_builder":"","_et_pb_old_content":"","_et_gb_content_width":"","inline_featured_image":false,"footnotes":""},"categories":[14],"tags":[],"class_list":["post-408203","post","type-post","status-publish","format-standard","has-post-thumbnail","hentry","category-vijesti"],"_links":{"self":[{"href":"https:\/\/www.pcnen.com\/portal\/wp-json\/wp\/v2\/posts\/408203","targetHints":{"allow":["GET"]}}],"collection":[{"href":"https:\/\/www.pcnen.com\/portal\/wp-json\/wp\/v2\/posts"}],"about":[{"href":"https:\/\/www.pcnen.com\/portal\/wp-json\/wp\/v2\/types\/post"}],"author":[{"embeddable":true,"href":"https:\/\/www.pcnen.com\/portal\/wp-json\/wp\/v2\/users\/1"}],"replies":[{"embeddable":true,"href":"https:\/\/www.pcnen.com\/portal\/wp-json\/wp\/v2\/comments?post=408203"}],"version-history":[{"count":1,"href":"https:\/\/www.pcnen.com\/portal\/wp-json\/wp\/v2\/posts\/408203\/revisions"}],"predecessor-version":[{"id":408206,"href":"https:\/\/www.pcnen.com\/portal\/wp-json\/wp\/v2\/posts\/408203\/revisions\/408206"}],"wp:featuredmedia":[{"embeddable":true,"href":"https:\/\/www.pcnen.com\/portal\/wp-json\/wp\/v2\/media\/342429"}],"wp:attachment":[{"href":"https:\/\/www.pcnen.com\/portal\/wp-json\/wp\/v2\/media?parent=408203"}],"wp:term":[{"taxonomy":"category","embeddable":true,"href":"https:\/\/www.pcnen.com\/portal\/wp-json\/wp\/v2\/categories?post=408203"},{"taxonomy":"post_tag","embeddable":true,"href":"https:\/\/www.pcnen.com\/portal\/wp-json\/wp\/v2\/tags?post=408203"}],"curies":[{"name":"wp","href":"https:\/\/api.w.org\/{rel}","templated":true}]}}