{"id":408188,"date":"2024-07-25T10:13:06","date_gmt":"2024-07-25T08:13:06","guid":{"rendered":"https:\/\/www.pcnen.com\/portal\/?p=408188"},"modified":"2024-07-25T10:39:25","modified_gmt":"2024-07-25T08:39:25","slug":"hrvatsko-mvep-proglasilo-mandica-knezevica-i-becica-personama-non-grata","status":"publish","type":"post","link":"https:\/\/www.pcnen.com\/portal\/2024\/07\/25\/hrvatsko-mvep-proglasilo-mandica-knezevica-i-becica-personama-non-grata\/","title":{"rendered":"Hrvatsko MVEP proglasilo Mandi\u0107a, Kne\u017eevi\u0107a i Be\u010di\u0107a personama non grata"},"content":{"rendered":"<p>Ministarstvo vanjskih i europskih poslova Republike Hrvatske danas je notom koja je upu\u0107ena Veleposlanstvu Crne Gore u Zagrebu, izvijestilo Crnu Goru da je Republika Hrvatska proglasila Andriju Mandi\u0107a, predsjednika Skup\u0161tine Crne Gore, Milana Kne\u017eevi\u0107a, zastupnika u Skup\u0161tini Crne Gore, te Aleksu Be\u010di\u0107a, potpredsjednika Vlade Crne Gore, nepo\u017eeljnima u Republici Hrvatskoj zbog sustavnog djelovanja na naru\u0161avanju dobrosusjedskih odnosa s Republikom Hrvatskom i kontinuiranog zloupotrebljavanja Republike Hrvatske u unutarnje politi\u010dke svrhe<a href=\"https:\/\/mvep.gov.hr\/press\/priopcenje-mvep-a-273673\/273673\">, pi\u0161e na sajtu MVEP.<\/a><\/p>\n<p>Ministarstvo vanjskih i europskih poslova \u017eali \u0161to je ve\u0107ina u Skup\u0161tini Crne Gore odlu\u010dila zanemariti kontinuirane pozive Republike Hrvatske da ne povla\u010di poteze koji bi se na negativan na\u010din mogli odraziti na na\u0161e bilateralne odnose i europski put Crne Gore. U tom kontekstu, djelovanje spomenutih politi\u010dkih du\u017enosnika posebno se izdvaja, a njihovo postupanje nikako se ne mo\u017ee smatrati dobronamjernim i dobrosusjedskim u odnosu na Republiku Hrvatsku niti je sukladno deklariranom cilju \u010dlanstva Crne Gore u Europskoj uniji.<\/p>\n<p>Dobrosusjedski odnosi su jedan od klju\u010dnih elemenata procesa pro\u0161irenja kao i procesa stabilizacije i pridru\u017eivanja te jedan od klju\u010dnih kriterija za ocjenjivanje napretka u pristupnom procesu Crne Gore, sukladno Pregovara\u010dkom okviru Europske unije za Crnu Goru. Hrvatska podr\u017eava europsku Crnu Goru, podr\u017eava proces pristupanja Europskoj uniji i zalagala se za napredak na europskom putu Crne Gore. Republika Hrvatska o\u010dekuje da \u0107e se Crna Gora pona\u0161ati u skladu s europskim vrijednostima i u europskom duhu te da \u0107e svoje napore usmjeriti na daljnje ispunjavanje uvjeta i mjerila u pristupnom procesu, pi\u0161e u objavi.<\/p>\n","protected":false},"excerpt":{"rendered":"<p>Ministarstvo vanjskih i europskih poslova Republike Hrvatske danas je notom koja je upu\u0107ena Veleposlanstvu Crne Gore u Zagrebu, izvijestilo Crnu Goru da je Republika Hrvatska proglasila Andriju Mandi\u0107a, predsjednika Skup\u0161tine Crne Gore, Milana Kne\u017eevi\u0107a, zastupnika u Skup\u0161tini Crne Gore, te Aleksu Be\u010di\u0107a, potpredsjednika Vlade Crne Gore, nepo\u017eeljnima u Republici Hrvatskoj <\/p>\n","protected":false},"author":1,"featured_media":339967,"comment_status":"open","ping_status":"closed","sticky":false,"template":"","format":"standard","meta":{"_seopress_robots_primary_cat":"none","_seopress_titles_title":"","_seopress_titles_desc":"","_seopress_robots_index":"","_et_pb_use_builder":"","_et_pb_old_content":"","_et_gb_content_width":"","inline_featured_image":false,"footnotes":""},"categories":[14],"tags":[],"class_list":["post-408188","post","type-post","status-publish","format-standard","has-post-thumbnail","hentry","category-vijesti"],"_links":{"self":[{"href":"https:\/\/www.pcnen.com\/portal\/wp-json\/wp\/v2\/posts\/408188","targetHints":{"allow":["GET"]}}],"collection":[{"href":"https:\/\/www.pcnen.com\/portal\/wp-json\/wp\/v2\/posts"}],"about":[{"href":"https:\/\/www.pcnen.com\/portal\/wp-json\/wp\/v2\/types\/post"}],"author":[{"embeddable":true,"href":"https:\/\/www.pcnen.com\/portal\/wp-json\/wp\/v2\/users\/1"}],"replies":[{"embeddable":true,"href":"https:\/\/www.pcnen.com\/portal\/wp-json\/wp\/v2\/comments?post=408188"}],"version-history":[{"count":2,"href":"https:\/\/www.pcnen.com\/portal\/wp-json\/wp\/v2\/posts\/408188\/revisions"}],"predecessor-version":[{"id":408192,"href":"https:\/\/www.pcnen.com\/portal\/wp-json\/wp\/v2\/posts\/408188\/revisions\/408192"}],"wp:featuredmedia":[{"embeddable":true,"href":"https:\/\/www.pcnen.com\/portal\/wp-json\/wp\/v2\/media\/339967"}],"wp:attachment":[{"href":"https:\/\/www.pcnen.com\/portal\/wp-json\/wp\/v2\/media?parent=408188"}],"wp:term":[{"taxonomy":"category","embeddable":true,"href":"https:\/\/www.pcnen.com\/portal\/wp-json\/wp\/v2\/categories?post=408188"},{"taxonomy":"post_tag","embeddable":true,"href":"https:\/\/www.pcnen.com\/portal\/wp-json\/wp\/v2\/tags?post=408188"}],"curies":[{"name":"wp","href":"https:\/\/api.w.org\/{rel}","templated":true}]}}