{"id":408184,"date":"2024-07-25T09:14:10","date_gmt":"2024-07-25T07:14:10","guid":{"rendered":"https:\/\/www.pcnen.com\/portal\/?p=408184"},"modified":"2024-07-25T09:14:10","modified_gmt":"2024-07-25T07:14:10","slug":"moskva-trg-evrope-preimenovan-u-trg-evroazije","status":"publish","type":"post","link":"https:\/\/www.pcnen.com\/portal\/2024\/07\/25\/moskva-trg-evrope-preimenovan-u-trg-evroazije\/","title":{"rendered":"Moskva: Trg Evrope preimenovan u Trg Evroazije"},"content":{"rendered":"<p>Gradona\u010delnik Moskve Sergej Sobjanin 24. jula potpisao je dekret kojim je Trg Evrope u centru Moskve preimenovan u Trg Evroazije, prenosi RSE.<\/p>\n<p>Trg je otvoren 2002. godine u sklopu rusko-belgijskog projekta koji simbolizuje evropsko jedinstvo.<\/p>\n<p>Dr\u017eavne zastave 48 evropskih dr\u017eava viorile su se na trgu dok nisu bez obja\u0161njenja uklonjene u martu 2023.<\/p>\n<p>Na trgu se nalazi spomenik belgijskog vajara Oliviera Strebela, u \u010dijoj je blizini 2006. otvoren Evropski tr\u017eni centar.<\/p>\n<p>Za sad se ne zna ho\u0107e li spomenik biti uklonjen.<\/p>\n","protected":false},"excerpt":{"rendered":"<p>Gradona\u010delnik Moskve Sergej Sobjanin 24. jula potpisao je dekret kojim je Trg Evrope u centru Moskve preimenovan u Trg Evroazije, prenosi RSE.<\/p>\n","protected":false},"author":1,"featured_media":337730,"comment_status":"open","ping_status":"closed","sticky":false,"template":"","format":"standard","meta":{"_seopress_robots_primary_cat":"none","_seopress_titles_title":"","_seopress_titles_desc":"","_seopress_robots_index":"","_et_pb_use_builder":"","_et_pb_old_content":"","_et_gb_content_width":"","inline_featured_image":false,"footnotes":""},"categories":[14],"tags":[],"class_list":["post-408184","post","type-post","status-publish","format-standard","has-post-thumbnail","hentry","category-vijesti"],"_links":{"self":[{"href":"https:\/\/www.pcnen.com\/portal\/wp-json\/wp\/v2\/posts\/408184","targetHints":{"allow":["GET"]}}],"collection":[{"href":"https:\/\/www.pcnen.com\/portal\/wp-json\/wp\/v2\/posts"}],"about":[{"href":"https:\/\/www.pcnen.com\/portal\/wp-json\/wp\/v2\/types\/post"}],"author":[{"embeddable":true,"href":"https:\/\/www.pcnen.com\/portal\/wp-json\/wp\/v2\/users\/1"}],"replies":[{"embeddable":true,"href":"https:\/\/www.pcnen.com\/portal\/wp-json\/wp\/v2\/comments?post=408184"}],"version-history":[{"count":1,"href":"https:\/\/www.pcnen.com\/portal\/wp-json\/wp\/v2\/posts\/408184\/revisions"}],"predecessor-version":[{"id":408187,"href":"https:\/\/www.pcnen.com\/portal\/wp-json\/wp\/v2\/posts\/408184\/revisions\/408187"}],"wp:featuredmedia":[{"embeddable":true,"href":"https:\/\/www.pcnen.com\/portal\/wp-json\/wp\/v2\/media\/337730"}],"wp:attachment":[{"href":"https:\/\/www.pcnen.com\/portal\/wp-json\/wp\/v2\/media?parent=408184"}],"wp:term":[{"taxonomy":"category","embeddable":true,"href":"https:\/\/www.pcnen.com\/portal\/wp-json\/wp\/v2\/categories?post=408184"},{"taxonomy":"post_tag","embeddable":true,"href":"https:\/\/www.pcnen.com\/portal\/wp-json\/wp\/v2\/tags?post=408184"}],"curies":[{"name":"wp","href":"https:\/\/api.w.org\/{rel}","templated":true}]}}