{"id":408173,"date":"2024-07-25T08:52:51","date_gmt":"2024-07-25T06:52:51","guid":{"rendered":"https:\/\/www.pcnen.com\/portal\/?p=408173"},"modified":"2024-07-25T08:52:51","modified_gmt":"2024-07-25T06:52:51","slug":"aktivisti-se-zalijepili-za-pistu-u-frankfurtu-obustavljeni-letovi","status":"publish","type":"post","link":"https:\/\/www.pcnen.com\/portal\/2024\/07\/25\/aktivisti-se-zalijepili-za-pistu-u-frankfurtu-obustavljeni-letovi\/","title":{"rendered":"Aktivisti se zalijepili za pistu u Frankfurtu, obustavljeni letovi"},"content":{"rendered":"<p>Aerodrom u Frankfurtu, najprometniji u Nema\u010dkoj, privremeno je jutros obustavio letove zbog demonstracija klimatskih aktivista, objavljeno je na mre\u017ei \u00a0X.<\/p>\n<p>Aktivisti su se zalijepili za pistu.<\/p>\n<p>&#8220;Mole se putnici da za sada ne idu prema aerodromu&#8221;, poru\u010dila je uprava aerodroma.<\/p>\n<p>Aerodrom u Kelnu ju\u010de je na nekoliko sati obustavio letove nakon \u0161to su se klimatski aktivisti zalijepili za pistu, dok su sli\u010dne akcije na drugim evropskim aerodromima sprije\u010dile vlasti, prenosi index.hr.<\/p>\n","protected":false},"excerpt":{"rendered":"<p>Aerodrom u Frankfurtu, najprometniji u Nema\u010dkoj, privremeno je jutros obustavio letove zbog demonstracija klimatskih aktivista, objavljeno je na mre\u017ei \u00a0X.<\/p>\n","protected":false},"author":1,"featured_media":408176,"comment_status":"open","ping_status":"closed","sticky":false,"template":"","format":"standard","meta":{"_seopress_robots_primary_cat":"none","_seopress_titles_title":"","_seopress_titles_desc":"","_seopress_robots_index":"","_et_pb_use_builder":"","_et_pb_old_content":"","_et_gb_content_width":"","inline_featured_image":false,"footnotes":""},"categories":[14],"tags":[],"class_list":["post-408173","post","type-post","status-publish","format-standard","has-post-thumbnail","hentry","category-vijesti"],"_links":{"self":[{"href":"https:\/\/www.pcnen.com\/portal\/wp-json\/wp\/v2\/posts\/408173","targetHints":{"allow":["GET"]}}],"collection":[{"href":"https:\/\/www.pcnen.com\/portal\/wp-json\/wp\/v2\/posts"}],"about":[{"href":"https:\/\/www.pcnen.com\/portal\/wp-json\/wp\/v2\/types\/post"}],"author":[{"embeddable":true,"href":"https:\/\/www.pcnen.com\/portal\/wp-json\/wp\/v2\/users\/1"}],"replies":[{"embeddable":true,"href":"https:\/\/www.pcnen.com\/portal\/wp-json\/wp\/v2\/comments?post=408173"}],"version-history":[{"count":1,"href":"https:\/\/www.pcnen.com\/portal\/wp-json\/wp\/v2\/posts\/408173\/revisions"}],"predecessor-version":[{"id":408177,"href":"https:\/\/www.pcnen.com\/portal\/wp-json\/wp\/v2\/posts\/408173\/revisions\/408177"}],"wp:featuredmedia":[{"embeddable":true,"href":"https:\/\/www.pcnen.com\/portal\/wp-json\/wp\/v2\/media\/408176"}],"wp:attachment":[{"href":"https:\/\/www.pcnen.com\/portal\/wp-json\/wp\/v2\/media?parent=408173"}],"wp:term":[{"taxonomy":"category","embeddable":true,"href":"https:\/\/www.pcnen.com\/portal\/wp-json\/wp\/v2\/categories?post=408173"},{"taxonomy":"post_tag","embeddable":true,"href":"https:\/\/www.pcnen.com\/portal\/wp-json\/wp\/v2\/tags?post=408173"}],"curies":[{"name":"wp","href":"https:\/\/api.w.org\/{rel}","templated":true}]}}