{"id":408150,"date":"2024-07-24T22:44:30","date_gmt":"2024-07-24T20:44:30","guid":{"rendered":"https:\/\/www.pcnen.com\/portal\/?p=408150"},"modified":"2024-07-24T23:02:47","modified_gmt":"2024-07-24T21:02:47","slug":"netanjahu-u-kongresu-sad-nazvao-propalestinske-protestante-korisnim-idiotima-irana-video","status":"publish","type":"post","link":"https:\/\/www.pcnen.com\/portal\/2024\/07\/24\/netanjahu-u-kongresu-sad-nazvao-propalestinske-protestante-korisnim-idiotima-irana-video\/","title":{"rendered":"Netanjahu u Kongresu SAD nazvao propalestinske protestante &#8216;korisnim idiotima Irana&#8217;\u00a0(video)"},"content":{"rendered":"<p>Izraelski premijer Benjamin Netanjahu se obratio se \u010dlanovima Kongresa SAD dok su pred zgradom bile hiljade protestanata, koje je on nazvao &#8220;korisnim idiotima Irana&#8221;.<\/p>\n<p><iframe loading=\"lazy\" title=\"LIVE UPDATES: Activists protest in DC after Netanyahu addresses Congress | FOX 5 DC\" width=\"1080\" height=\"810\" src=\"https:\/\/www.youtube.com\/embed\/D0slmIC0huE?feature=oembed\"  allow=\"accelerometer; autoplay; clipboard-write; encrypted-media; gyroscope; picture-in-picture; web-share\" referrerpolicy=\"strict-origin-when-cross-origin\" allowfullscreen><\/iframe><\/p>\n<p>Kako prenosi portal Index.hr, izraelski premijer je branio rat u Gazi i osudio ameri\u010dke propalestinske protestante.<\/p>\n<p>Devet mjeseci nakon po\u010detka rata u Gazi Netanjahu je obe\u0107ao nastavak rata do &#8220;potpune pobjede&#8221;.<\/p>\n<p>&#8220;Amerika i Izrael moraju stajati zajedno. Kada stojimo zajedno, doga\u0111a se ne\u0161to vrlo jednostavno: mi pobje\u0111ujemo, oni gube&#8221;, rekao je Netanjahu, koji je nosio \u017eutu zna\u010dku u znak solidarnosti s izraelskim taocima koje dr\u017ei Hamas.<\/p>\n<p>Njegov govor u Kongresu bojkotovalo je 50 Demokrata.<\/p>\n<p>Me\u0111unarodni krivi\u010dni sud u Hagu je zatra\u017eio nedavno izdavanje naloga za hap\u0161enje izraelskog premijera Benjamina Netanjahua zbog sumnje da je rije\u010d o ratnom zlo\u010dincu.<\/p>\n<p><iframe loading=\"lazy\" title=\"YouTube video player\" src=\"https:\/\/www.youtube.com\/embed\/tjRWlkcTqDw?si=XgtvEanulQcWXG_S\" width=\"560\" height=\"315\" frameborder=\"0\" allowfullscreen=\"allowfullscreen\"><\/iframe><\/p>\n<p>&nbsp;<\/p>\n","protected":false},"excerpt":{"rendered":"<p>Devet mjeseci nakon po\u010detka rata u Gazi Netanjahu je obe\u0107ao nastavak rata do &#8220;potpune pobjede&#8221;<\/p>\n","protected":false},"author":1,"featured_media":408153,"comment_status":"open","ping_status":"closed","sticky":false,"template":"","format":"standard","meta":{"_seopress_robots_primary_cat":"none","_seopress_titles_title":"","_seopress_titles_desc":"","_seopress_robots_index":"","_et_pb_use_builder":"","_et_pb_old_content":"","_et_gb_content_width":"","inline_featured_image":false,"footnotes":""},"categories":[14],"tags":[],"class_list":["post-408150","post","type-post","status-publish","format-standard","has-post-thumbnail","hentry","category-vijesti"],"_links":{"self":[{"href":"https:\/\/www.pcnen.com\/portal\/wp-json\/wp\/v2\/posts\/408150","targetHints":{"allow":["GET"]}}],"collection":[{"href":"https:\/\/www.pcnen.com\/portal\/wp-json\/wp\/v2\/posts"}],"about":[{"href":"https:\/\/www.pcnen.com\/portal\/wp-json\/wp\/v2\/types\/post"}],"author":[{"embeddable":true,"href":"https:\/\/www.pcnen.com\/portal\/wp-json\/wp\/v2\/users\/1"}],"replies":[{"embeddable":true,"href":"https:\/\/www.pcnen.com\/portal\/wp-json\/wp\/v2\/comments?post=408150"}],"version-history":[{"count":5,"href":"https:\/\/www.pcnen.com\/portal\/wp-json\/wp\/v2\/posts\/408150\/revisions"}],"predecessor-version":[{"id":408158,"href":"https:\/\/www.pcnen.com\/portal\/wp-json\/wp\/v2\/posts\/408150\/revisions\/408158"}],"wp:featuredmedia":[{"embeddable":true,"href":"https:\/\/www.pcnen.com\/portal\/wp-json\/wp\/v2\/media\/408153"}],"wp:attachment":[{"href":"https:\/\/www.pcnen.com\/portal\/wp-json\/wp\/v2\/media?parent=408150"}],"wp:term":[{"taxonomy":"category","embeddable":true,"href":"https:\/\/www.pcnen.com\/portal\/wp-json\/wp\/v2\/categories?post=408150"},{"taxonomy":"post_tag","embeddable":true,"href":"https:\/\/www.pcnen.com\/portal\/wp-json\/wp\/v2\/tags?post=408150"}],"curies":[{"name":"wp","href":"https:\/\/api.w.org\/{rel}","templated":true}]}}