{"id":408137,"date":"2024-07-24T19:59:47","date_gmt":"2024-07-24T17:59:47","guid":{"rendered":"https:\/\/www.pcnen.com\/portal\/?p=408137"},"modified":"2024-07-24T19:59:47","modified_gmt":"2024-07-24T17:59:47","slug":"uhapsen-osumnjiceni-iz-kriminalne-grupe-oko-vesne-medenice","status":"publish","type":"post","link":"https:\/\/www.pcnen.com\/portal\/2024\/07\/24\/uhapsen-osumnjiceni-iz-kriminalne-grupe-oko-vesne-medenice\/","title":{"rendered":"Uhap\u0161en osumnji\u010deni iz kriminalne grupe oko Vesne Medenice"},"content":{"rendered":"<p>Uprava policije je saop\u0161tila da je u Tivtu lociran i li\u0161ili slobode Nikola Rai\u010devi\u0107, koji je osumnji\u010den da je dio organizovane kriminalne grupe protiv \u010dijih \u010dlanova se vodi postupak pred Vi\u0161im sudom u Podgorici u kojem je osumnji\u010dena i biv\u0161a predsjednica Vrhovnog suda Vesna Medenica.<\/p>\n<p>&#8220;On se potra\u017euje u cilju obezbje\u0111ivanja njegovog prisustva u krivi\u010dnom postupku koji se vodi pred Vi\u0161im sudom u Podgorici, zbog sumnje da je izvr\u0161io krivi\u010dno djelo krijum\u010darenje i krivi\u010dno djelo davanje mita&#8221;, navodi se u saop\u0161tenju.<\/p>\n<blockquote class=\"wp-embedded-content\" data-secret=\"7p16xUZIXK\"><p><a href=\"https:\/\/www.pcnen.com\/portal\/2024\/06\/25\/sudjenje-medenici-odgodjeno-18-put\/\">Su\u0111enje Medenici odgo\u0111eno 18. put<\/a><\/p><\/blockquote>\n<p><iframe loading=\"lazy\" class=\"wp-embedded-content\" sandbox=\"allow-scripts\" security=\"restricted\" style=\"position: absolute; visibility: hidden;\" title=\"&#8220;Su\u0111enje Medenici odgo\u0111eno 18. put&#8221; &#8212; PCNEN\" src=\"https:\/\/www.pcnen.com\/portal\/2024\/06\/25\/sudjenje-medenici-odgodjeno-18-put\/embed\/#?secret=3i5debxlYG#?secret=7p16xUZIXK\" data-secret=\"7p16xUZIXK\" width=\"600\" height=\"338\" frameborder=\"0\" marginwidth=\"0\" marginheight=\"0\" scrolling=\"no\"><\/iframe><\/p>\n","protected":false},"excerpt":{"rendered":"<p>Uprava policije je saop\u0161tila da je u Tivtu lociran i li\u0161ili slobode Nikola Rai\u010devi\u0107, koji je osumnji\u010den da je dio organizovane kriminalne grupe protiv \u010dijih \u010dlanova se vodi postupak pred Vi\u0161im sudom u Podgorici u kojem je osumnji\u010dena i biv\u0161a predsjednica Vrhovnog suda Vesna Medenica<\/p>\n","protected":false},"author":1,"featured_media":282949,"comment_status":"open","ping_status":"closed","sticky":false,"template":"","format":"standard","meta":{"_seopress_robots_primary_cat":"none","_seopress_titles_title":"","_seopress_titles_desc":"","_seopress_robots_index":"","_et_pb_use_builder":"","_et_pb_old_content":"","_et_gb_content_width":"","inline_featured_image":false,"footnotes":""},"categories":[14],"tags":[],"class_list":["post-408137","post","type-post","status-publish","format-standard","has-post-thumbnail","hentry","category-vijesti"],"_links":{"self":[{"href":"https:\/\/www.pcnen.com\/portal\/wp-json\/wp\/v2\/posts\/408137","targetHints":{"allow":["GET"]}}],"collection":[{"href":"https:\/\/www.pcnen.com\/portal\/wp-json\/wp\/v2\/posts"}],"about":[{"href":"https:\/\/www.pcnen.com\/portal\/wp-json\/wp\/v2\/types\/post"}],"author":[{"embeddable":true,"href":"https:\/\/www.pcnen.com\/portal\/wp-json\/wp\/v2\/users\/1"}],"replies":[{"embeddable":true,"href":"https:\/\/www.pcnen.com\/portal\/wp-json\/wp\/v2\/comments?post=408137"}],"version-history":[{"count":1,"href":"https:\/\/www.pcnen.com\/portal\/wp-json\/wp\/v2\/posts\/408137\/revisions"}],"predecessor-version":[{"id":408140,"href":"https:\/\/www.pcnen.com\/portal\/wp-json\/wp\/v2\/posts\/408137\/revisions\/408140"}],"wp:featuredmedia":[{"embeddable":true,"href":"https:\/\/www.pcnen.com\/portal\/wp-json\/wp\/v2\/media\/282949"}],"wp:attachment":[{"href":"https:\/\/www.pcnen.com\/portal\/wp-json\/wp\/v2\/media?parent=408137"}],"wp:term":[{"taxonomy":"category","embeddable":true,"href":"https:\/\/www.pcnen.com\/portal\/wp-json\/wp\/v2\/categories?post=408137"},{"taxonomy":"post_tag","embeddable":true,"href":"https:\/\/www.pcnen.com\/portal\/wp-json\/wp\/v2\/tags?post=408137"}],"curies":[{"name":"wp","href":"https:\/\/api.w.org\/{rel}","templated":true}]}}