{"id":408128,"date":"2024-07-24T19:07:21","date_gmt":"2024-07-24T17:07:21","guid":{"rendered":"https:\/\/www.pcnen.com\/portal\/?p=408128"},"modified":"2024-07-24T19:07:21","modified_gmt":"2024-07-24T17:07:21","slug":"u-skupstini-srbije-izgubljena-inicijativa-gradjana","status":"publish","type":"post","link":"https:\/\/www.pcnen.com\/portal\/2024\/07\/24\/u-skupstini-srbije-izgubljena-inicijativa-gradjana\/","title":{"rendered":"U Skup\u0161tini Srbije izgubljena inicijativa gra\u0111ana"},"content":{"rendered":"<p>Narodna inicijativa sa 38.000 potpisa protiv iskopavanja litijuma u Srbiji vol\u0161ebno je nestala, a loptica je sada u Vi\u0161em javnom tu\u017eila\u0161tvu, rekla je za Insajder narodna poslanica Danijela Nestorovi\u0107 iz Ekolo\u0161kog ustanka.<\/p>\n<p>&#8220;Za ova krivi\u010dna dela koja se ti\u010du prakti\u010dno izbornih zakona nadle\u017eno je Vi\u0161e javno tu\u017eila\u0161tvo. Oni bi morali da se izjasne tim povodom s obzirom na to da je javno obelodanjeno da su nestali potpisi gra\u0111ana. Javni tu\u017eilac je du\u017ean po slu\u017ebenoj du\u017enosti odmah da odreaguje. Ne moram ja da podnesem krivi\u010dnu prijavu. Trebalo je da sprovede istragu&#8221;, rekla je Nestorovi\u0107.<\/p>\n<p>Prije dvije godine, u vrijeme konstitutivne sjednice Skup\u0161tine Srbije, predstavnici ekolo\u0161kih organizacija, nau\u010dne zajednice i organizacije &#8220;Kreni-promeni&#8221; su se okupili ispred sporednog ulaza u zgradu parlamenta i predali inicijativu sa 38.000 potpisa gra\u0111ana kojom se tra\u017ei zabrana iskopavanja litijuma i bora u Srbiji.<\/p>\n<p>U februaru pro\u0161le godine, predstavnici Saveza ekolo\u0161kih organizacija Srbije (SEOS) i drugih ekolo\u0161kih udru\u017eenja predali su ponovo Skup\u0161tini Srbije zahtjev za razmatranje narodne inicijative kojom se predvi\u0111a dono\u0161enje zakona o trajnoj zabrani istra\u017eivanja, prerade i eksploatacije minerala koji u sebi sadr\u017ee litijum i bor, <a href=\"https:\/\/insajder.net\/teme\/slucaj-nestanka-inicijative-sa-38-000-potpisa-gradana-rokovi-prosli-zakon-prekrsen-nadlezni-ne-reaguju\" target=\"_blank\" rel=\"noopener\">podsje\u0107a Insajder.<\/a><\/p>\n","protected":false},"excerpt":{"rendered":"<p>Narodna inicijativa sa 38.000 potpisa protiv iskopavanja litijuma u Srbiji vol\u0161ebno je nestala, a loptica je sada u Vi\u0161em javnom tu\u017eila\u0161tvu, rekla je za Insajder narodna poslanica Danijela Nestorovi\u0107 iz Ekolo\u0161kog ustanka<\/p>\n","protected":false},"author":1,"featured_media":338410,"comment_status":"open","ping_status":"closed","sticky":false,"template":"","format":"standard","meta":{"_seopress_robots_primary_cat":"none","_seopress_titles_title":"","_seopress_titles_desc":"","_seopress_robots_index":"","_et_pb_use_builder":"","_et_pb_old_content":"","_et_gb_content_width":"","inline_featured_image":false,"footnotes":""},"categories":[14],"tags":[],"class_list":["post-408128","post","type-post","status-publish","format-standard","has-post-thumbnail","hentry","category-vijesti"],"_links":{"self":[{"href":"https:\/\/www.pcnen.com\/portal\/wp-json\/wp\/v2\/posts\/408128","targetHints":{"allow":["GET"]}}],"collection":[{"href":"https:\/\/www.pcnen.com\/portal\/wp-json\/wp\/v2\/posts"}],"about":[{"href":"https:\/\/www.pcnen.com\/portal\/wp-json\/wp\/v2\/types\/post"}],"author":[{"embeddable":true,"href":"https:\/\/www.pcnen.com\/portal\/wp-json\/wp\/v2\/users\/1"}],"replies":[{"embeddable":true,"href":"https:\/\/www.pcnen.com\/portal\/wp-json\/wp\/v2\/comments?post=408128"}],"version-history":[{"count":1,"href":"https:\/\/www.pcnen.com\/portal\/wp-json\/wp\/v2\/posts\/408128\/revisions"}],"predecessor-version":[{"id":408131,"href":"https:\/\/www.pcnen.com\/portal\/wp-json\/wp\/v2\/posts\/408128\/revisions\/408131"}],"wp:featuredmedia":[{"embeddable":true,"href":"https:\/\/www.pcnen.com\/portal\/wp-json\/wp\/v2\/media\/338410"}],"wp:attachment":[{"href":"https:\/\/www.pcnen.com\/portal\/wp-json\/wp\/v2\/media?parent=408128"}],"wp:term":[{"taxonomy":"category","embeddable":true,"href":"https:\/\/www.pcnen.com\/portal\/wp-json\/wp\/v2\/categories?post=408128"},{"taxonomy":"post_tag","embeddable":true,"href":"https:\/\/www.pcnen.com\/portal\/wp-json\/wp\/v2\/tags?post=408128"}],"curies":[{"name":"wp","href":"https:\/\/api.w.org\/{rel}","templated":true}]}}