{"id":408099,"date":"2024-07-24T12:36:30","date_gmt":"2024-07-24T10:36:30","guid":{"rendered":"https:\/\/www.pcnen.com\/portal\/?p=408099"},"modified":"2024-07-24T12:36:30","modified_gmt":"2024-07-24T10:36:30","slug":"usvojen-zahtjev-za-zastitu-zakonitosti-vdt-za-pokusaj-ubistva-jovana-vukotica","status":"publish","type":"post","link":"https:\/\/www.pcnen.com\/portal\/2024\/07\/24\/usvojen-zahtjev-za-zastitu-zakonitosti-vdt-za-pokusaj-ubistva-jovana-vukotica\/","title":{"rendered":"Usvojen zahtjev za za\u0161titu zakonitosti VDT za poku\u0161aj ubistva Jovana Vukoti\u0107a"},"content":{"rendered":"<p>Zahtjev za za\u0161titu zakonitosti koji je Vrhovno dr\u017eavno tu\u017eila\u0161tvo (VDT) podiglo protiv rje\u0161enja Vi\u0161eg i Apelacionog suda u predmetu protiv okrivljenog Radoja Zvbicera i drugih, zbog krivi\u010dnog djela \u2013 stvaranje kriminalne organizacije, usvojen je odlukom Vrhovnog suda Crne Gore, kojom je utvr\u0111eno da su Vi\u0161i i Apelacioni sud povrijedili zakon u korist okrivljenih, pi\u0161e u <a href=\"https:\/\/www.tuzilastvo.me\/vrdt\/sadrzaj\/qJ6J\" target=\"_blank\" rel=\"noopener\">saop\u0161tenju<\/a> VDT.<\/p>\n<p>&#8220;VDT je, zbog bitne povrede odredaba krivi\u010dnog postupka i Zakonika o krivi\u010dnom postupku, podiglo zahtjev za za\u0161titu zakonitosti protiv Rje\u0161enja Vi\u0161eg suda u Podgorici od 9.10.2023.godine kojim je, u postupku kontrole zakonitosti i opravdanosti optu\u017enice Specijalnog dr\u017eavnog tu\u017eila\u0161tva, odlu\u010deno da nema mjesta optu\u017ebi protiv tri pripadnika organizovane kriminalne grupe (R.Z., M.V.i S.K.) da su 2020.godine, kao saizvr\u0161ioci, izvr\u0161ili krivi\u010dno djelo \u2013 ubistvo u poku\u0161aju, na \u0161tetu pripadnika druge organizovane kriminalne grupe, sada pokojnog (J.V). Rje\u0161enjem Vi\u0161eg suda obustavljen je krivi\u010dni postupak protiv trojice okrivljenih za navedeno krivi\u010dno djelo&#8221;, ka\u017ee se u saop\u0161tenju,<\/p>\n<p>Tako\u0111e se navodi da je zahtjev za za\u0161titu zakonitosti podignut i protiv odluke Apelacionog suda da se, kao neosnovana, odbije \u017ealba Specijalnog dr\u017eavnog tu\u017eila\u0161tva i porodice pokojnog o\u0161te\u0107enog Jovana Vukoti\u0107a.<\/p>\n<blockquote><p>Radoje Zvicer va\u017ei za vo\u0111u tzv. Kava\u010dkog klana, a ubijeni Jovan Vukoti\u0107 je smatran vo\u0111om tzv. \u0160kaljarskog klana. Ta dva klana su ve\u0107 du\u017ee u sukobu koji je obilje\u017een brojnim mne\u0111usobnim ubistvima i poku\u0161ajima ubistava.<\/p><\/blockquote>\n","protected":false},"excerpt":{"rendered":"<p>Zahtjev za za\u0161titu zakonitosti koji je Vrhovno dr\u017eavno tu\u017eila\u0161tvo (VDT) podiglo protiv rje\u0161enja Vi\u0161eg i Apelacionog suda u predmetu protiv okrivljenog Radoja Zvbicera i drugih, zbog krivi\u010dnog djela \u2013 stvaranje kriminalne organizacije, usvojen je odlukom Vrhovnog suda Crne Gore, kojom je utvr\u0111eno da su Vi\u0161i i Apelacioni sud povrijedili zakon u korist okrivljenih<\/p>\n","protected":false},"author":1,"featured_media":283358,"comment_status":"open","ping_status":"closed","sticky":false,"template":"","format":"standard","meta":{"_seopress_robots_primary_cat":"none","_seopress_titles_title":"","_seopress_titles_desc":"","_seopress_robots_index":"","_et_pb_use_builder":"","_et_pb_old_content":"","_et_gb_content_width":"","inline_featured_image":false,"footnotes":""},"categories":[14],"tags":[],"class_list":["post-408099","post","type-post","status-publish","format-standard","has-post-thumbnail","hentry","category-vijesti"],"_links":{"self":[{"href":"https:\/\/www.pcnen.com\/portal\/wp-json\/wp\/v2\/posts\/408099","targetHints":{"allow":["GET"]}}],"collection":[{"href":"https:\/\/www.pcnen.com\/portal\/wp-json\/wp\/v2\/posts"}],"about":[{"href":"https:\/\/www.pcnen.com\/portal\/wp-json\/wp\/v2\/types\/post"}],"author":[{"embeddable":true,"href":"https:\/\/www.pcnen.com\/portal\/wp-json\/wp\/v2\/users\/1"}],"replies":[{"embeddable":true,"href":"https:\/\/www.pcnen.com\/portal\/wp-json\/wp\/v2\/comments?post=408099"}],"version-history":[{"count":1,"href":"https:\/\/www.pcnen.com\/portal\/wp-json\/wp\/v2\/posts\/408099\/revisions"}],"predecessor-version":[{"id":408102,"href":"https:\/\/www.pcnen.com\/portal\/wp-json\/wp\/v2\/posts\/408099\/revisions\/408102"}],"wp:featuredmedia":[{"embeddable":true,"href":"https:\/\/www.pcnen.com\/portal\/wp-json\/wp\/v2\/media\/283358"}],"wp:attachment":[{"href":"https:\/\/www.pcnen.com\/portal\/wp-json\/wp\/v2\/media?parent=408099"}],"wp:term":[{"taxonomy":"category","embeddable":true,"href":"https:\/\/www.pcnen.com\/portal\/wp-json\/wp\/v2\/categories?post=408099"},{"taxonomy":"post_tag","embeddable":true,"href":"https:\/\/www.pcnen.com\/portal\/wp-json\/wp\/v2\/tags?post=408099"}],"curies":[{"name":"wp","href":"https:\/\/api.w.org\/{rel}","templated":true}]}}