{"id":408068,"date":"2024-07-24T07:55:42","date_gmt":"2024-07-24T05:55:42","guid":{"rendered":"https:\/\/www.pcnen.com\/portal\/?p=408068"},"modified":"2024-07-24T09:35:42","modified_gmt":"2024-07-24T07:35:42","slug":"ugasen-veliki-pozar-na-gorici-uhapseni-osumnjiceni-video","status":"publish","type":"post","link":"https:\/\/www.pcnen.com\/portal\/2024\/07\/24\/ugasen-veliki-pozar-na-gorici-uhapseni-osumnjiceni-video\/","title":{"rendered":"Uga\u0161en veliki po\u017ear na Gorici, uhap\u0161eni osumnji\u010deni (video)"},"content":{"rendered":"<p>Po\u017ear koji je sino\u0107 zahvatio brdo Goricu u Podgorici lokalizovan je oko jedan sat posle pono\u0107i.<\/p>\n<p>Vr\u0161ilac du\u017enosti komandira Slu\u017ebe za\u0161tite i spasavanja Zdravko Ble\u010di\u0107 sino\u0107 je kazao da je vatru, najverovatnije, izazvao vatromet.<\/p>\n<p>Zamjenik gradona\u010delnice Luka Rak\u010devi\u0107 je kazao da je &#8220;prvi dio po\u017eara, koji je primije\u0107en u 21 sat kod vr\u0161nog platoa Gorice, najvjerovatnije izazvan nesmotrenim paljenjem vatrometa&#8221;.<\/p>\n<p>&#8220;A odre\u0111ena lica su tim povodom li\u0161ena slobode i predata tu\u017eila\u010dkim organima. I taman kad smo uspjeli da odbranimo hrastovu \u0161umu \u010dije zahvatanje bi imalo dalekose\u017ene posledice, izbio je i drugi po\u017ear, na nekih 300 metara udaljenosti od svih, tada aktivnih \u017eari\u0161ta, \u0161to, na\u017ealost, ukazuje na novo podmetanje&#8221;, rekao je Rak\u010devi\u0107.<\/p>\n<p>Naglasio je da \u0107e istraga biti sprovedena u saradnji sa Upravom policije. Rak\u010devi\u0107 je rekao da su, tokom ga\u0161enja po\u017eara, lak\u0161e povrije\u0111ena dva mu\u0161karca.<\/p>\n<blockquote class=\"twitter-tweet\">\n<p dir=\"ltr\" lang=\"und\"><a href=\"https:\/\/twitter.com\/hashtag\/podgorica?src=hash&amp;ref_src=twsrc%5Etfw\">#podgorica<\/a> Gori CITAVA GORICA sve do terena, i duva jak vjetar\u2026. Pozar se siri nevjerovatnom brzonom\u2026<br \/>\n\ud83d\ude2d\ud83d\ude2d\ud83d\ude2d\ud83d\ude2d\ud83d\ude2d\ud83d\ude2d\ud83d\ude2d<br \/>\nKazu ljudi da su se culi vatrometi prije 40tak minuta. Ne znam je li to istina. Znam samo da NIKAD NI JEDNOG PIROMANA NISU UHVATILI. Za ovo smrtna kazna treba! <a href=\"https:\/\/t.co\/J9krsQdxgr\">pic.twitter.com\/J9krsQdxgr<\/a><\/p>\n<p>\u2014 pravoslavnidzedaj (@Ayica38655) <a href=\"https:\/\/twitter.com\/Ayica38655\/status\/1815842812576805030?ref_src=twsrc%5Etfw\">July 23, 2024<\/a><\/p><\/blockquote>\n<p><script async src=\"https:\/\/platform.twitter.com\/widgets.js\" charset=\"utf-8\"><\/script><\/p>\n<p>&nbsp;<\/p>\n<blockquote class=\"wp-embedded-content\" data-secret=\"KdcL4MSDKp\"><p><a href=\"https:\/\/www.pcnen.com\/portal\/2024\/07\/23\/gori-gorica-uzrok-vatromet\/\">Gori Gorica, uzrok vatromet<\/a><\/p><\/blockquote>\n<p><iframe loading=\"lazy\" class=\"wp-embedded-content\" sandbox=\"allow-scripts\" security=\"restricted\" style=\"position: absolute; visibility: hidden;\" title=\"&#8220;Gori Gorica, uzrok vatromet&#8221; &#8212; PCNEN\" src=\"https:\/\/www.pcnen.com\/portal\/2024\/07\/23\/gori-gorica-uzrok-vatromet\/embed\/#?secret=q6NZCyXkEP#?secret=KdcL4MSDKp\" data-secret=\"KdcL4MSDKp\" width=\"600\" height=\"338\" frameborder=\"0\" marginwidth=\"0\" marginheight=\"0\" scrolling=\"no\"><\/iframe><\/p>\n","protected":false},"excerpt":{"rendered":"<p>Po\u017ear koji je sino\u0107 zahvatio brdo Goricu u Podgorici lokalizovan je oko jedan sat posle pono\u0107i.<\/p>\n","protected":false},"author":1,"featured_media":408071,"comment_status":"open","ping_status":"closed","sticky":false,"template":"","format":"standard","meta":{"_seopress_robots_primary_cat":"none","_seopress_titles_title":"","_seopress_titles_desc":"","_seopress_robots_index":"","_et_pb_use_builder":"","_et_pb_old_content":"","_et_gb_content_width":"","inline_featured_image":false,"footnotes":""},"categories":[14],"tags":[],"class_list":["post-408068","post","type-post","status-publish","format-standard","has-post-thumbnail","hentry","category-vijesti"],"_links":{"self":[{"href":"https:\/\/www.pcnen.com\/portal\/wp-json\/wp\/v2\/posts\/408068","targetHints":{"allow":["GET"]}}],"collection":[{"href":"https:\/\/www.pcnen.com\/portal\/wp-json\/wp\/v2\/posts"}],"about":[{"href":"https:\/\/www.pcnen.com\/portal\/wp-json\/wp\/v2\/types\/post"}],"author":[{"embeddable":true,"href":"https:\/\/www.pcnen.com\/portal\/wp-json\/wp\/v2\/users\/1"}],"replies":[{"embeddable":true,"href":"https:\/\/www.pcnen.com\/portal\/wp-json\/wp\/v2\/comments?post=408068"}],"version-history":[{"count":3,"href":"https:\/\/www.pcnen.com\/portal\/wp-json\/wp\/v2\/posts\/408068\/revisions"}],"predecessor-version":[{"id":408075,"href":"https:\/\/www.pcnen.com\/portal\/wp-json\/wp\/v2\/posts\/408068\/revisions\/408075"}],"wp:featuredmedia":[{"embeddable":true,"href":"https:\/\/www.pcnen.com\/portal\/wp-json\/wp\/v2\/media\/408071"}],"wp:attachment":[{"href":"https:\/\/www.pcnen.com\/portal\/wp-json\/wp\/v2\/media?parent=408068"}],"wp:term":[{"taxonomy":"category","embeddable":true,"href":"https:\/\/www.pcnen.com\/portal\/wp-json\/wp\/v2\/categories?post=408068"},{"taxonomy":"post_tag","embeddable":true,"href":"https:\/\/www.pcnen.com\/portal\/wp-json\/wp\/v2\/tags?post=408068"}],"curies":[{"name":"wp","href":"https:\/\/api.w.org\/{rel}","templated":true}]}}