{"id":408041,"date":"2024-07-23T22:46:54","date_gmt":"2024-07-23T20:46:54","guid":{"rendered":"https:\/\/www.pcnen.com\/portal\/?p=408041"},"modified":"2024-07-23T22:50:14","modified_gmt":"2024-07-23T20:50:14","slug":"bivsi-premijer-krivokapic-o-rekonstrukciji-vlade-umjesto-promjena-i-dalje-imamo-zamjene","status":"publish","type":"post","link":"https:\/\/www.pcnen.com\/portal\/2024\/07\/23\/bivsi-premijer-krivokapic-o-rekonstrukciji-vlade-umjesto-promjena-i-dalje-imamo-zamjene\/","title":{"rendered":"Biv\u0161i premijer Krivokapi\u0107 o rekonstrukciji Vlade: Umjesto promjena i dalje imamo zamjene"},"content":{"rendered":"<p>Biv\u0161i crnogorski premijer Zdravko Krivokapi\u0107 je na platformi X prokomentarisao rekonstrukciju Vlade premijera MIlojka Spaji\u0107a rije\u010dima: &#8220;Umjesto promjena i dalje imamo zamjene; umjesto su\u0161tine, i dalje preovladava forma; umjesto forsiranja znanja, imamo politi\u010dke dogovore; umjesto \u0161tednje imamo politi\u010dko rasipni\u0161tvo. Sve \u0107e to narod platiti.&#8221;<\/p>\n<blockquote class=\"wp-embedded-content\" data-secret=\"4cO8FnB2H9\"><p><a href=\"https:\/\/www.pcnen.com\/portal\/2024\/07\/23\/rekonstruisana-vlada-ima-sedam-potpredsjednika-i-24-ministra\/\">Rekonstruisana Vlada ima sedam potpredsjednika i 24 ministra<\/a><\/p><\/blockquote>\n<p><iframe loading=\"lazy\" class=\"wp-embedded-content\" sandbox=\"allow-scripts\" security=\"restricted\" style=\"position: absolute; visibility: hidden;\" title=\"&#8220;Rekonstruisana Vlada ima sedam potpredsjednika i 24 ministra&#8221; &#8212; PCNEN\" src=\"https:\/\/www.pcnen.com\/portal\/2024\/07\/23\/rekonstruisana-vlada-ima-sedam-potpredsjednika-i-24-ministra\/embed\/#?secret=zzNCfB3vow#?secret=4cO8FnB2H9\" data-secret=\"4cO8FnB2H9\" width=\"600\" height=\"338\" frameborder=\"0\" marginwidth=\"0\" marginheight=\"0\" scrolling=\"no\"><\/iframe><\/p>\n<blockquote class=\"twitter-tweet\">\n<p dir=\"ltr\" lang=\"sr\">\u0418\u0441\u0445\u0438\u0442\u0440\u0435\u043d\u0430 \u0438 \u0433\u043b\u043e\u043c\u0430\u0437\u043d\u0430 \u0440\u0435\u043a\u043e\u043d\u0441\u0442\u0440\u0443\u043a\u0446\u0438\u0458\u0430 \u0412\u043b\u0430\u0434\u0435 \u0438\u0437\u0432\u0435\u0434\u0435\u043d\u0430 \u0458\u0435 \u0443 \u0444\u0443\u043d\u043a\u0446\u0438\u0458\u0438 \u045a\u0435\u043d\u043e\u0433 \u0447\u0435\u0442\u0432\u043e\u0440\u043e\u0433\u043e\u0434\u0438\u0448\u045a\u0435\u0433 \u0442\u0440\u0430\u0458\u0430\u045a\u0430, \u0430\u043b\u0438 \u0438 \u0440\u0430\u0434\u0438 \u0441\u0442\u0432\u0430\u0440\u0430\u045a\u0430 \u0434\u0432\u043e\u0442\u0440\u0435\u045b\u0438\u043d\u0441\u043a\u0435 \u0432\u0435\u045b\u0438\u043d\u0435 \u0437\u0430 \u043f\u0440\u043e\u043c\u0458\u0435\u043d\u0443 \u0423\u0441\u0442\u0430\u0432\u0430. \u041f\u043e\u043b\u0438\u0442\u0438\u0447\u043a\u0430 \u043a\u0430\u043b\u043a\u0443\u043b\u0430\u0446\u0438\u0458\u0430 \u0458\u0435 \u0437\u0430\u0441\u043d\u043e\u0432\u0430\u043d\u0430 \u043d\u0430 \u0434\u0432\u0430 \u043e\u0441\u043d\u043e\u0432\u043d\u0430 \u0441\u0442\u0430\u0432\u0430: \u043b\u043e\u0433\u0438\u0447\u043d\u0435 \u043d\u0435\u043b\u043e\u0433\u0438\u0447\u043d\u043e\u0441\u0442\u0438 \u0438 \u043f\u0440\u0438\u043d\u0446\u0438\u043f\u0438\u0458\u0435\u043b\u043d\u0435 \u043d\u0435\u043f\u0440\u0438\u043d\u0446\u0438\u043f\u0438\u0458\u0435\u043b\u043d\u043e\u0441\u0442\u0438. \u041b\u0430\u043a\u043e \u0458\u0435\u2026 <a href=\"https:\/\/t.co\/iJKjv8dnxZ\">pic.twitter.com\/iJKjv8dnxZ<\/a><\/p>\n<p>\u2014 Zdravko Krivokapi\u0107 (@profKrivokapic) <a href=\"https:\/\/twitter.com\/profKrivokapic\/status\/1815771367154786429?ref_src=twsrc%5Etfw\">July 23, 2024<\/a><\/p><\/blockquote>\n<p><script async src=\"https:\/\/platform.twitter.com\/widgets.js\" charset=\"utf-8\"><\/script><\/p>\n","protected":false},"excerpt":{"rendered":"<p>&#8220;Umjesto forsiranja znanja, imamo politi\u010dke dogovore; umjesto \u0161tednje imamo politi\u010dko rasipni\u0161tvo. Sve \u0107e to narod platiti&#8221;<\/p>\n","protected":false},"author":1,"featured_media":319955,"comment_status":"open","ping_status":"closed","sticky":false,"template":"","format":"standard","meta":{"_seopress_robots_primary_cat":"none","_seopress_titles_title":"","_seopress_titles_desc":"","_seopress_robots_index":"","_et_pb_use_builder":"","_et_pb_old_content":"","_et_gb_content_width":"","inline_featured_image":false,"footnotes":""},"categories":[14],"tags":[],"class_list":["post-408041","post","type-post","status-publish","format-standard","has-post-thumbnail","hentry","category-vijesti"],"_links":{"self":[{"href":"https:\/\/www.pcnen.com\/portal\/wp-json\/wp\/v2\/posts\/408041","targetHints":{"allow":["GET"]}}],"collection":[{"href":"https:\/\/www.pcnen.com\/portal\/wp-json\/wp\/v2\/posts"}],"about":[{"href":"https:\/\/www.pcnen.com\/portal\/wp-json\/wp\/v2\/types\/post"}],"author":[{"embeddable":true,"href":"https:\/\/www.pcnen.com\/portal\/wp-json\/wp\/v2\/users\/1"}],"replies":[{"embeddable":true,"href":"https:\/\/www.pcnen.com\/portal\/wp-json\/wp\/v2\/comments?post=408041"}],"version-history":[{"count":2,"href":"https:\/\/www.pcnen.com\/portal\/wp-json\/wp\/v2\/posts\/408041\/revisions"}],"predecessor-version":[{"id":408045,"href":"https:\/\/www.pcnen.com\/portal\/wp-json\/wp\/v2\/posts\/408041\/revisions\/408045"}],"wp:featuredmedia":[{"embeddable":true,"href":"https:\/\/www.pcnen.com\/portal\/wp-json\/wp\/v2\/media\/319955"}],"wp:attachment":[{"href":"https:\/\/www.pcnen.com\/portal\/wp-json\/wp\/v2\/media?parent=408041"}],"wp:term":[{"taxonomy":"category","embeddable":true,"href":"https:\/\/www.pcnen.com\/portal\/wp-json\/wp\/v2\/categories?post=408041"},{"taxonomy":"post_tag","embeddable":true,"href":"https:\/\/www.pcnen.com\/portal\/wp-json\/wp\/v2\/tags?post=408041"}],"curies":[{"name":"wp","href":"https:\/\/api.w.org\/{rel}","templated":true}]}}