{"id":408035,"date":"2024-07-23T22:17:16","date_gmt":"2024-07-23T20:17:16","guid":{"rendered":"https:\/\/www.pcnen.com\/portal\/?p=408035"},"modified":"2024-07-23T22:18:10","modified_gmt":"2024-07-23T20:18:10","slug":"gori-gorica-uzrok-vatromet","status":"publish","type":"post","link":"https:\/\/www.pcnen.com\/portal\/2024\/07\/23\/gori-gorica-uzrok-vatromet\/","title":{"rendered":"Gori Gorica, uzrok vatromet"},"content":{"rendered":"<p>Na podgori\u010dkom brdu Gorica ve\u010deras je izbio po\u017ear, koji je zahvatio ve\u0107i dio brda sa sjeverne strane.<\/p>\n<p>Iz\u00a0 Slu\u017ebe za\u0161tite i spa\u0161avanja Glavnog grada je re\u010dano za TV Vijesti da je po\u017ear, najvjerovatnije, izazvao vatromet.<\/p>\n<p>&#8220;\u0160to je preteklo pro\u0161lih godina sa sjeverne strane ove godine \u0107e biti uni\u0161teno, posledica vatrometa, nadamo se da \u0107e krivac biti prona\u0111en&#8230;&#8221;, komentar je na FB stranici <a href=\"https:\/\/www.facebook.com\/photo\/?fbid=541164411569631&amp;set=g.1162605057548560\" target=\"_blank\" rel=\"noopener\">O\u010di Podgorice<\/a><\/p>\n","protected":false},"excerpt":{"rendered":"<p>Na podgori\u010dkom brdu Gorica ve\u010deras je izbio po\u017ear, koji je zahvatio ve\u0107i dio brda sa sjeverne strane.<\/p>\n","protected":false},"author":1,"featured_media":408038,"comment_status":"open","ping_status":"closed","sticky":false,"template":"","format":"standard","meta":{"_seopress_robots_primary_cat":"none","_seopress_titles_title":"","_seopress_titles_desc":"","_seopress_robots_index":"","_et_pb_use_builder":"","_et_pb_old_content":"","_et_gb_content_width":"","inline_featured_image":false,"footnotes":""},"categories":[14],"tags":[],"class_list":["post-408035","post","type-post","status-publish","format-standard","has-post-thumbnail","hentry","category-vijesti"],"_links":{"self":[{"href":"https:\/\/www.pcnen.com\/portal\/wp-json\/wp\/v2\/posts\/408035","targetHints":{"allow":["GET"]}}],"collection":[{"href":"https:\/\/www.pcnen.com\/portal\/wp-json\/wp\/v2\/posts"}],"about":[{"href":"https:\/\/www.pcnen.com\/portal\/wp-json\/wp\/v2\/types\/post"}],"author":[{"embeddable":true,"href":"https:\/\/www.pcnen.com\/portal\/wp-json\/wp\/v2\/users\/1"}],"replies":[{"embeddable":true,"href":"https:\/\/www.pcnen.com\/portal\/wp-json\/wp\/v2\/comments?post=408035"}],"version-history":[{"count":2,"href":"https:\/\/www.pcnen.com\/portal\/wp-json\/wp\/v2\/posts\/408035\/revisions"}],"predecessor-version":[{"id":408040,"href":"https:\/\/www.pcnen.com\/portal\/wp-json\/wp\/v2\/posts\/408035\/revisions\/408040"}],"wp:featuredmedia":[{"embeddable":true,"href":"https:\/\/www.pcnen.com\/portal\/wp-json\/wp\/v2\/media\/408038"}],"wp:attachment":[{"href":"https:\/\/www.pcnen.com\/portal\/wp-json\/wp\/v2\/media?parent=408035"}],"wp:term":[{"taxonomy":"category","embeddable":true,"href":"https:\/\/www.pcnen.com\/portal\/wp-json\/wp\/v2\/categories?post=408035"},{"taxonomy":"post_tag","embeddable":true,"href":"https:\/\/www.pcnen.com\/portal\/wp-json\/wp\/v2\/tags?post=408035"}],"curies":[{"name":"wp","href":"https:\/\/api.w.org\/{rel}","templated":true}]}}