{"id":408022,"date":"2024-07-23T20:22:44","date_gmt":"2024-07-23T18:22:44","guid":{"rendered":"https:\/\/www.pcnen.com\/portal\/?p=408022"},"modified":"2024-07-23T20:22:44","modified_gmt":"2024-07-23T18:22:44","slug":"ostavka-direktorke-tajne-sluzbe-sad","status":"publish","type":"post","link":"https:\/\/www.pcnen.com\/portal\/2024\/07\/23\/ostavka-direktorke-tajne-sluzbe-sad\/","title":{"rendered":"Ostavka direktorke Tajne slu\u017ebe SAD"},"content":{"rendered":"<p>Direktorka Tajne slu\u017ebe SAD Kimberli \u010citl je podnijela danas poslije velikih kritika i preispitivanja rada njene agencije zbog neuspjeha da sprije\u010di poku\u0161aj atentata na biv\u0161eg predsjednika Donalda Trampa, javila je VoA.<\/p>\n<p>Politi\u010dari iz obje stranke su je kritikovali kada se pojavila pred Odborom za nadzor Predstavni\u010dkog doma i odbila da odgovori na pitanja zakonodavaca o planu obezbje\u0111enja Trampovog mitinga u Pensilvaniji, kao i o tome kako su agenti slu\u017ebe reagovali na sumnjivo pona\u0161anje napada\u010da.<\/p>\n","protected":false},"excerpt":{"rendered":"<p>Direktorka Tajne slu\u017ebe SAD Kimberli \u010citl je podnijela danas poslije velikih kritika i preispitivanja rada njene agencije zbog neuspjeha da sprije\u010di poku\u0161aj atentata na biv\u0161eg predsjednika Donalda Trampa<\/p>\n","protected":false},"author":1,"featured_media":407177,"comment_status":"open","ping_status":"closed","sticky":false,"template":"","format":"standard","meta":{"_seopress_robots_primary_cat":"none","_seopress_titles_title":"","_seopress_titles_desc":"","_seopress_robots_index":"","_et_pb_use_builder":"","_et_pb_old_content":"","_et_gb_content_width":"","inline_featured_image":false,"footnotes":""},"categories":[14],"tags":[],"class_list":["post-408022","post","type-post","status-publish","format-standard","has-post-thumbnail","hentry","category-vijesti"],"_links":{"self":[{"href":"https:\/\/www.pcnen.com\/portal\/wp-json\/wp\/v2\/posts\/408022","targetHints":{"allow":["GET"]}}],"collection":[{"href":"https:\/\/www.pcnen.com\/portal\/wp-json\/wp\/v2\/posts"}],"about":[{"href":"https:\/\/www.pcnen.com\/portal\/wp-json\/wp\/v2\/types\/post"}],"author":[{"embeddable":true,"href":"https:\/\/www.pcnen.com\/portal\/wp-json\/wp\/v2\/users\/1"}],"replies":[{"embeddable":true,"href":"https:\/\/www.pcnen.com\/portal\/wp-json\/wp\/v2\/comments?post=408022"}],"version-history":[{"count":1,"href":"https:\/\/www.pcnen.com\/portal\/wp-json\/wp\/v2\/posts\/408022\/revisions"}],"predecessor-version":[{"id":408025,"href":"https:\/\/www.pcnen.com\/portal\/wp-json\/wp\/v2\/posts\/408022\/revisions\/408025"}],"wp:featuredmedia":[{"embeddable":true,"href":"https:\/\/www.pcnen.com\/portal\/wp-json\/wp\/v2\/media\/407177"}],"wp:attachment":[{"href":"https:\/\/www.pcnen.com\/portal\/wp-json\/wp\/v2\/media?parent=408022"}],"wp:term":[{"taxonomy":"category","embeddable":true,"href":"https:\/\/www.pcnen.com\/portal\/wp-json\/wp\/v2\/categories?post=408022"},{"taxonomy":"post_tag","embeddable":true,"href":"https:\/\/www.pcnen.com\/portal\/wp-json\/wp\/v2\/tags?post=408022"}],"curies":[{"name":"wp","href":"https:\/\/api.w.org\/{rel}","templated":true}]}}