{"id":407998,"date":"2024-07-23T17:11:24","date_gmt":"2024-07-23T15:11:24","guid":{"rendered":"https:\/\/www.pcnen.com\/portal\/?p=407998"},"modified":"2024-07-23T17:15:53","modified_gmt":"2024-07-23T15:15:53","slug":"rekonstruisana-vlada-ima-sedam-potpredsjednika-i-24-ministra","status":"publish","type":"post","link":"https:\/\/www.pcnen.com\/portal\/2024\/07\/23\/rekonstruisana-vlada-ima-sedam-potpredsjednika-i-24-ministra\/","title":{"rendered":"Rekonstruisana Vlada ima sedam potpredsjednika i 24 ministra"},"content":{"rendered":"<p>Skup\u0161tinska ve\u0107ina je danas prihvatila predlog premijera Milojka Spaji\u0107a za rekonstrukciju Vlade, u koju su u\u0161li kadrovi Nove srpske demokratije, Bo\u0161nja\u010dke stranke i Demokratske narodne partije.<\/p>\n<p>Dok su poslanici\/poslanice parlamentarne ve\u0107ine glasali, njihove opozicione kolege\/koleginice nijesu bili u parlamentarnoj sali.<\/p>\n<p>Rekonstruisana Vlada ima, osim premijera, 24 ministra, sedam potpredsjednika, od kojih je pet na mjestu potpredsjednika, a dva pokrivaju i ministarske funkcije.<\/p>\n<p><strong>mr\u00a0Aleksa Be\u010di\u0107<\/strong>, potpredsjednik Vlade za bezbjednost, odbranu, borbu protiv kriminala i unutra\u0161nju politiku,<\/p>\n<p><strong>dr\u00a0Filip Ivanovi\u0107<\/strong>, potpredsjednik Vlade za vanjske i evropske poslove,<\/p>\n<p><strong>dr\u00a0Budimir Aleksi\u0107<\/strong>, potpredsjednik Vlade za obrazovanje, nauku i odnose sa vjerskim zajednicama;<\/p>\n<p><strong>Milun Zogovi\u0107<\/strong>, potpredsjednik Vlade za infrastrukturu I regionaini razvoj,<\/p>\n<p><strong>Ervin ibrahimovi\u0107<\/strong>, potpredsjednik Vlade za me\u0111unarodne odnose i ministar vanjskih poslova,<\/p>\n<p><strong>dr Sa\u0161a Mujovi\u0107<\/strong>, ministar energetike,<\/p>\n<p><strong>mr\u00a0Bojan Bo\u017eovi\u0107<\/strong>, ministar pravde,<\/p>\n<p><strong>Slaven Radunovi\u0107<\/strong>, ministar prostornog planiranja, urbanizma i dr\u017eavne imovine,<\/p>\n<p><strong>mr\u00a0Simonida Kordi\u0107<\/strong>, ministarka turizma,<\/p>\n<p><strong>Maja Vuki\u0107evi\u0107<\/strong>, ministarka saobra\u0107aja,<\/p>\n<p><strong>Damjan \u0106ulafi\u0107<\/strong>, ministar ekologije, odr\u017eivog razvoja i razvoja sjevera,<\/p>\n<p><strong>Dragoslav \u0160\u0107eki\u0107<\/strong>, ministar sporta i mladih,<\/p>\n<p><strong>Naida Ni\u0161i\u0107<\/strong>, ministarka rada, zapo\u0161ljavanja i socijalnog dijaloga,<\/p>\n<p><strong>Filip Radulovi\u0107<\/strong>, ministar pomorstva,<\/p>\n<p><strong>Mirsad Azemovi\u0107<\/strong>, ministar dijaspore,<\/p>\n<p><strong>Damir Guti\u0107<\/strong>, ministar socijalnog staranja, brige o porodici i demografije;<\/p>\n<p><strong>mr\u00a0Admir \u0160ahmanovi\u0107<\/strong>, ministar rudarstva, nafte i gasa,<\/p>\n<p><strong>Ernad Suljevi\u0107<\/strong>, ministar regionalno-investicionog razvoja i saradnje sa nevladinim organizacijama;<\/p>\n<p><strong>Milutin Butorovi\u0107<\/strong>, ministar bez portfelja.<\/p>\n<p>U Vladi vi\u0161e nijesu dr Sr\u0111an Pavi\u0107evi\u0107, Janko Odovi\u0107, Andrej Milovi\u0107 i Vladimir Martinovi\u0107.<\/p>\n<p>&nbsp;<\/p>\n<blockquote class=\"wp-embedded-content\" data-secret=\"J7kNCo8heF\"><p><a href=\"https:\/\/www.pcnen.com\/portal\/2024\/07\/23\/skupstina-cg-u-znaku-rekonstrukcije-vlade-uzivo\/\">Skup\u0161tina CG u znaku rekonstrukcije Vlade (u\u017eivo)<\/a><\/p><\/blockquote>\n<p><iframe loading=\"lazy\" class=\"wp-embedded-content\" sandbox=\"allow-scripts\" security=\"restricted\" style=\"position: absolute; visibility: hidden;\" title=\"&#8220;Skup\u0161tina CG u znaku rekonstrukcije Vlade (u\u017eivo)&#8221; &#8212; PCNEN\" src=\"https:\/\/www.pcnen.com\/portal\/2024\/07\/23\/skupstina-cg-u-znaku-rekonstrukcije-vlade-uzivo\/embed\/#?secret=SuTK3a4kaV#?secret=J7kNCo8heF\" data-secret=\"J7kNCo8heF\" width=\"600\" height=\"338\" frameborder=\"0\" marginwidth=\"0\" marginheight=\"0\" scrolling=\"no\"><\/iframe><\/p>\n","protected":false},"excerpt":{"rendered":"<p>Skup\u0161tinska ve\u0107ina je danas prihvatila predlog premijera Milojka Spaji\u0107a za rekonstrukciju Vlade, u koju su u\u0161li kadrovi Nove srpske demokratije, Bo\u0161nja\u010dke stranke i Demokratske narodne partije<\/p>\n","protected":false},"author":1,"featured_media":379490,"comment_status":"open","ping_status":"closed","sticky":false,"template":"","format":"standard","meta":{"_seopress_robots_primary_cat":"none","_seopress_titles_title":"","_seopress_titles_desc":"","_seopress_robots_index":"","_et_pb_use_builder":"","_et_pb_old_content":"","_et_gb_content_width":"","inline_featured_image":false,"footnotes":""},"categories":[14],"tags":[],"class_list":["post-407998","post","type-post","status-publish","format-standard","has-post-thumbnail","hentry","category-vijesti"],"_links":{"self":[{"href":"https:\/\/www.pcnen.com\/portal\/wp-json\/wp\/v2\/posts\/407998","targetHints":{"allow":["GET"]}}],"collection":[{"href":"https:\/\/www.pcnen.com\/portal\/wp-json\/wp\/v2\/posts"}],"about":[{"href":"https:\/\/www.pcnen.com\/portal\/wp-json\/wp\/v2\/types\/post"}],"author":[{"embeddable":true,"href":"https:\/\/www.pcnen.com\/portal\/wp-json\/wp\/v2\/users\/1"}],"replies":[{"embeddable":true,"href":"https:\/\/www.pcnen.com\/portal\/wp-json\/wp\/v2\/comments?post=407998"}],"version-history":[{"count":3,"href":"https:\/\/www.pcnen.com\/portal\/wp-json\/wp\/v2\/posts\/407998\/revisions"}],"predecessor-version":[{"id":408003,"href":"https:\/\/www.pcnen.com\/portal\/wp-json\/wp\/v2\/posts\/407998\/revisions\/408003"}],"wp:featuredmedia":[{"embeddable":true,"href":"https:\/\/www.pcnen.com\/portal\/wp-json\/wp\/v2\/media\/379490"}],"wp:attachment":[{"href":"https:\/\/www.pcnen.com\/portal\/wp-json\/wp\/v2\/media?parent=407998"}],"wp:term":[{"taxonomy":"category","embeddable":true,"href":"https:\/\/www.pcnen.com\/portal\/wp-json\/wp\/v2\/categories?post=407998"},{"taxonomy":"post_tag","embeddable":true,"href":"https:\/\/www.pcnen.com\/portal\/wp-json\/wp\/v2\/tags?post=407998"}],"curies":[{"name":"wp","href":"https:\/\/api.w.org\/{rel}","templated":true}]}}