{"id":407982,"date":"2024-07-23T12:33:12","date_gmt":"2024-07-23T10:33:12","guid":{"rendered":"https:\/\/www.pcnen.com\/portal\/?p=407982"},"modified":"2024-07-23T12:33:12","modified_gmt":"2024-07-23T10:33:12","slug":"aleksandar-kasanof-novi-izaslanik-sad-za-zapadni-balkan","status":"publish","type":"post","link":"https:\/\/www.pcnen.com\/portal\/2024\/07\/23\/aleksandar-kasanof-novi-izaslanik-sad-za-zapadni-balkan\/","title":{"rendered":"Aleksandar Kasanof novi izaslanik SAD za Zapadni Balkan"},"content":{"rendered":"<p>Aleksandar Kasanof (Alexander) je novi zamjenik pomo\u0107nika ameri\u010dkog dr\u017eavnog sekretara za Zapadni Balkan, kao i za \u0161tampu i javnu diplomatiju, u Birou za evropske i evroazijske poslove, objavio je Stejt department, prenosi Beta.<\/p>\n<p>Kasanof, \u010diji je nadimak Sa\u0161a, fakti\u010dki je naslijedio Gabrijela Eskobara, koji je od ljeta 2021. bio zamjenik pomo\u0107nika dr\u017eavnog sekretara SAD i specijalni predstavnik za Zapadni Balkan.<\/p>\n<p>Tokom diplomatske karijere, Kasanof je bio izvr\u0161ni pomo\u0107nik biv\u0161e podsekretarke za politi\u010dka pitanja Viktorije Nuland i vr\u0161ioca du\u017enosti podsekretara za politi\u010dka pitanja D\u017eona Basa.<\/p>\n<p>Radio je u ameri\u010dkim diplomatskim misijama u Irskoj, Turkmenistanu, \u010cileu i Ukrajini, navodi se na sajtu Stejt departmenta.<\/p>\n","protected":false},"excerpt":{"rendered":"<p>Aleksandar Kasanof (Alexander) je novi zamjenik pomo\u0107nika ameri\u010dkog dr\u017eavnog sekretara za Zapadni Balkan, kao i za \u0161tampu i javnu diplomatiju, u Birou za evropske i evroazijske poslove, objavio je Stejt department, prenosi Beta<\/p>\n","protected":false},"author":1,"featured_media":283405,"comment_status":"open","ping_status":"closed","sticky":false,"template":"","format":"standard","meta":{"_seopress_robots_primary_cat":"none","_seopress_titles_title":"","_seopress_titles_desc":"","_seopress_robots_index":"","_et_pb_use_builder":"","_et_pb_old_content":"","_et_gb_content_width":"","inline_featured_image":false,"footnotes":""},"categories":[14],"tags":[],"class_list":["post-407982","post","type-post","status-publish","format-standard","has-post-thumbnail","hentry","category-vijesti"],"_links":{"self":[{"href":"https:\/\/www.pcnen.com\/portal\/wp-json\/wp\/v2\/posts\/407982","targetHints":{"allow":["GET"]}}],"collection":[{"href":"https:\/\/www.pcnen.com\/portal\/wp-json\/wp\/v2\/posts"}],"about":[{"href":"https:\/\/www.pcnen.com\/portal\/wp-json\/wp\/v2\/types\/post"}],"author":[{"embeddable":true,"href":"https:\/\/www.pcnen.com\/portal\/wp-json\/wp\/v2\/users\/1"}],"replies":[{"embeddable":true,"href":"https:\/\/www.pcnen.com\/portal\/wp-json\/wp\/v2\/comments?post=407982"}],"version-history":[{"count":1,"href":"https:\/\/www.pcnen.com\/portal\/wp-json\/wp\/v2\/posts\/407982\/revisions"}],"predecessor-version":[{"id":407985,"href":"https:\/\/www.pcnen.com\/portal\/wp-json\/wp\/v2\/posts\/407982\/revisions\/407985"}],"wp:featuredmedia":[{"embeddable":true,"href":"https:\/\/www.pcnen.com\/portal\/wp-json\/wp\/v2\/media\/283405"}],"wp:attachment":[{"href":"https:\/\/www.pcnen.com\/portal\/wp-json\/wp\/v2\/media?parent=407982"}],"wp:term":[{"taxonomy":"category","embeddable":true,"href":"https:\/\/www.pcnen.com\/portal\/wp-json\/wp\/v2\/categories?post=407982"},{"taxonomy":"post_tag","embeddable":true,"href":"https:\/\/www.pcnen.com\/portal\/wp-json\/wp\/v2\/tags?post=407982"}],"curies":[{"name":"wp","href":"https:\/\/api.w.org\/{rel}","templated":true}]}}