{"id":407971,"date":"2024-07-23T11:29:55","date_gmt":"2024-07-23T09:29:55","guid":{"rendered":"https:\/\/www.pcnen.com\/portal\/?p=407971"},"modified":"2024-07-23T11:29:55","modified_gmt":"2024-07-23T09:29:55","slug":"izetbegovic-podrzao-ulazak-bs-u-vladu-cg","status":"publish","type":"post","link":"https:\/\/www.pcnen.com\/portal\/2024\/07\/23\/izetbegovic-podrzao-ulazak-bs-u-vladu-cg\/","title":{"rendered":"Izetbegovi\u0107 podr\u017eao ulazak BS u Vladu CG"},"content":{"rendered":"<p>Predsjednik Stranke demokratske akcije (SDA) i biv\u0161i predsjedavaju\u0107i Predsjedni\u0161tva Republike Bosne i Hercegovine Bakir Izetbegovi\u0107 podr\u017eao je odluku Bo\u0161nja\u010dke stranke da bude dio Vlade Crne Gore, objavljeno je <a href=\"https:\/\/www.bscg.me\/aktuelnosti\/izetbegovic-podrzao-ulazak-bosnjacke-stranke-u-vladu-crne-gore\/\" target=\"_blank\" rel=\"noopener\">na sajtu<\/a> Bo\u0161nja\u010dke stranke.<\/p>\n<p>\u201cCrna Gora je zemlja u kojoj su Bo\u0161njaci konstitutivan i ravnopravan narod, to je i njihova zemlja, a time i njihova dr\u017eava, njena vlada i institucije. Bo\u0161njaci imaju pravo, ali i obavezu da participiraju u radu crnogorske vlade bez obzira na polit\u010dke stranke koje se u njoj nalaze, njihovu retoriku i politi\u010dke stavove. I mi u Bosni i Hercegovini redovito ulazimo u vlade sa strankama sa kojima imamo suprotstavljena gledanja na mnoga bitna politi\u010dka pitanja\u201c, kazao je Izetbegovi\u0107 i dodao da je to neizbje\u017eno s obzirom na svu kompleksnost odnosa, stavova i interesa.<\/p>\n<blockquote class=\"wp-embedded-content\" data-secret=\"CPQx7Ot3LY\"><p><a href=\"https:\/\/www.pcnen.com\/portal\/2024\/07\/22\/bosnjacka-stranka-ulazi-u-vladu\/\">Bo\u0161nja\u010dka stranka ulazi u Vladu<\/a><\/p><\/blockquote>\n<p><iframe loading=\"lazy\" class=\"wp-embedded-content\" sandbox=\"allow-scripts\" security=\"restricted\" style=\"position: absolute; clip: rect(1px, 1px, 1px, 1px);\" title=\"&#8220;Bo\u0161nja\u010dka stranka ulazi u Vladu&#8221; &#8212; PCNEN\" src=\"https:\/\/www.pcnen.com\/portal\/2024\/07\/22\/bosnjacka-stranka-ulazi-u-vladu\/embed\/#?secret=qQEjqHu6dd#?secret=CPQx7Ot3LY\" data-secret=\"CPQx7Ot3LY\" width=\"600\" height=\"338\" frameborder=\"0\" marginwidth=\"0\" marginheight=\"0\" scrolling=\"no\"><\/iframe><\/p>\n","protected":false},"excerpt":{"rendered":"<p>Predsjednik Stranke demokratske akcije (SDA) i biv\u0161i predsjedavaju\u0107i Predsjedni\u0161tva Republike Bosne i Hercegovine Bakir Izetbegovi\u0107 podr\u017eao je odluku Bo\u0161nja\u010dke stranke da bude dio Vlade Crne Gore, objavljeno je na sajtu Bo\u0161nja\u010dke stranke.<\/p>\n","protected":false},"author":1,"featured_media":407974,"comment_status":"open","ping_status":"closed","sticky":false,"template":"","format":"standard","meta":{"_seopress_robots_primary_cat":"none","_seopress_titles_title":"","_seopress_titles_desc":"","_seopress_robots_index":"","_et_pb_use_builder":"","_et_pb_old_content":"","_et_gb_content_width":"","inline_featured_image":false,"footnotes":""},"categories":[14],"tags":[],"class_list":["post-407971","post","type-post","status-publish","format-standard","has-post-thumbnail","hentry","category-vijesti"],"_links":{"self":[{"href":"https:\/\/www.pcnen.com\/portal\/wp-json\/wp\/v2\/posts\/407971","targetHints":{"allow":["GET"]}}],"collection":[{"href":"https:\/\/www.pcnen.com\/portal\/wp-json\/wp\/v2\/posts"}],"about":[{"href":"https:\/\/www.pcnen.com\/portal\/wp-json\/wp\/v2\/types\/post"}],"author":[{"embeddable":true,"href":"https:\/\/www.pcnen.com\/portal\/wp-json\/wp\/v2\/users\/1"}],"replies":[{"embeddable":true,"href":"https:\/\/www.pcnen.com\/portal\/wp-json\/wp\/v2\/comments?post=407971"}],"version-history":[{"count":1,"href":"https:\/\/www.pcnen.com\/portal\/wp-json\/wp\/v2\/posts\/407971\/revisions"}],"predecessor-version":[{"id":407975,"href":"https:\/\/www.pcnen.com\/portal\/wp-json\/wp\/v2\/posts\/407971\/revisions\/407975"}],"wp:featuredmedia":[{"embeddable":true,"href":"https:\/\/www.pcnen.com\/portal\/wp-json\/wp\/v2\/media\/407974"}],"wp:attachment":[{"href":"https:\/\/www.pcnen.com\/portal\/wp-json\/wp\/v2\/media?parent=407971"}],"wp:term":[{"taxonomy":"category","embeddable":true,"href":"https:\/\/www.pcnen.com\/portal\/wp-json\/wp\/v2\/categories?post=407971"},{"taxonomy":"post_tag","embeddable":true,"href":"https:\/\/www.pcnen.com\/portal\/wp-json\/wp\/v2\/tags?post=407971"}],"curies":[{"name":"wp","href":"https:\/\/api.w.org\/{rel}","templated":true}]}}