{"id":407957,"date":"2024-07-23T08:05:09","date_gmt":"2024-07-23T06:05:09","guid":{"rendered":"https:\/\/www.pcnen.com\/portal\/?p=407957"},"modified":"2024-07-23T08:05:09","modified_gmt":"2024-07-23T06:05:09","slug":"ukrajinski-sef-diplomatije-u-kini","status":"publish","type":"post","link":"https:\/\/www.pcnen.com\/portal\/2024\/07\/23\/ukrajinski-sef-diplomatije-u-kini\/","title":{"rendered":"Ukrajinski \u0161ef diplomatije u Kini"},"content":{"rendered":"<p>Ukrajinski ministar vanjskih poslova, Dmitro Kuleba nalazi se u Kini na razgovorima o tome kako bi tamo\u0161nji zvani\u010dnici mogli pomo\u0107i u okon\u010danju rata s Rusijom.<\/p>\n<p>Ukrajinski \u0161ef diplomatije je otputovao na poziv Pekinga.<\/p>\n<p>U Pekingu je navedeno da \u0107e Kulebina posjeta trajati od 23. do 26. jula<\/p>\n<p>Ukrajina je ranije poku\u0161ala Kinu dovesti na njihov mirovni samit u \u0160vicarskoj, ali Peking je to tada odbio.<\/p>\n","protected":false},"excerpt":{"rendered":"<p>Ukrajinski ministar vanjskih poslova, Dmitro Kuleba nalazi se u Kini na razgovorima o tome kako bi tamo\u0161nji zvani\u010dnici mogli pomo\u0107i u okon\u010danju rata s Rusijom<\/p>\n","protected":false},"author":1,"featured_media":400007,"comment_status":"open","ping_status":"closed","sticky":false,"template":"","format":"standard","meta":{"_seopress_robots_primary_cat":"none","_seopress_titles_title":"","_seopress_titles_desc":"","_seopress_robots_index":"","_et_pb_use_builder":"","_et_pb_old_content":"","_et_gb_content_width":"","inline_featured_image":false,"footnotes":""},"categories":[14],"tags":[],"class_list":["post-407957","post","type-post","status-publish","format-standard","has-post-thumbnail","hentry","category-vijesti"],"_links":{"self":[{"href":"https:\/\/www.pcnen.com\/portal\/wp-json\/wp\/v2\/posts\/407957","targetHints":{"allow":["GET"]}}],"collection":[{"href":"https:\/\/www.pcnen.com\/portal\/wp-json\/wp\/v2\/posts"}],"about":[{"href":"https:\/\/www.pcnen.com\/portal\/wp-json\/wp\/v2\/types\/post"}],"author":[{"embeddable":true,"href":"https:\/\/www.pcnen.com\/portal\/wp-json\/wp\/v2\/users\/1"}],"replies":[{"embeddable":true,"href":"https:\/\/www.pcnen.com\/portal\/wp-json\/wp\/v2\/comments?post=407957"}],"version-history":[{"count":1,"href":"https:\/\/www.pcnen.com\/portal\/wp-json\/wp\/v2\/posts\/407957\/revisions"}],"predecessor-version":[{"id":407960,"href":"https:\/\/www.pcnen.com\/portal\/wp-json\/wp\/v2\/posts\/407957\/revisions\/407960"}],"wp:featuredmedia":[{"embeddable":true,"href":"https:\/\/www.pcnen.com\/portal\/wp-json\/wp\/v2\/media\/400007"}],"wp:attachment":[{"href":"https:\/\/www.pcnen.com\/portal\/wp-json\/wp\/v2\/media?parent=407957"}],"wp:term":[{"taxonomy":"category","embeddable":true,"href":"https:\/\/www.pcnen.com\/portal\/wp-json\/wp\/v2\/categories?post=407957"},{"taxonomy":"post_tag","embeddable":true,"href":"https:\/\/www.pcnen.com\/portal\/wp-json\/wp\/v2\/tags?post=407957"}],"curies":[{"name":"wp","href":"https:\/\/api.w.org\/{rel}","templated":true}]}}